{"id":1950,"date":"2021-11-06T10:25:26","date_gmt":"2021-11-06T13:25:26","guid":{"rendered":"https:\/\/blogs.correiobraziliense.com.br\/trilhasonora\/?p=1950"},"modified":"2021-11-06T10:25:26","modified_gmt":"2021-11-06T13:25:26","slug":"lembrei-de-nos-oswaldo-montenegro-lanca-clipe-neste-sabado","status":"publish","type":"post","link":"https:\/\/blogs.correiobraziliense.com.br\/trilhasonora\/lembrei-de-nos-oswaldo-montenegro-lanca-clipe-neste-sabado\/","title":{"rendered":"Lembrei de n\u00f3s: Oswaldo Montenegro lan\u00e7a clipe neste s\u00e1bado"},"content":{"rendered":"<p>Oswaldo Montenegro lan\u00e7a hoje (6\/11), \u00e0s 15h, o clipe de uma can\u00e7\u00e3o in\u00e9dita intitulada <em>Lembrei de n\u00f3s<\/em>. Os f\u00e3s poder\u00e3o apreciar o v\u00eddeo no canal que o cantor e compositor mant\u00e9m no YouTube. No dia 12, a m\u00fasica estar\u00e1 dispon\u00edvel em todas as plataformas digitais. A produ\u00e7\u00e3o \u00e9 da The Music of Tomorrow e da produtora do artista, que iniciou a trajet\u00f3ria art\u00edstica aqui em Bras\u00edlia, em meados da d\u00e9cada de 1970. A dire\u00e7\u00e3o de fotografia tem a assinatura de Ian Ruas e a dire\u00e7\u00e3o art\u00edstica de Raique Macau.<\/p>\n<p>&#8220;Existem milh\u00f5es de can\u00e7\u00f5es de amor. Essa n\u00e3o \u00e9 uma delas. Talvez seja, mas de um outro tipo, falando do que n\u00e3o houve, aceitando a vit\u00f3ria do futuro do pret\u00e9rito: A gente se amaria&#8221;, comenta o Menestrel. Ele explica que, com o arranjo que foi criado, a can\u00e7\u00e3o alterna viol\u00f5es suaves com orquestra\u00e7\u00f5es fortes. A letra oferece frases reflexivas, como &#8220;Lembrei de n\u00f3s\/ Pelo que n\u00e3o foi\/ Se n\u00e3o foi, n\u00e3o vai ter final&#8230;&#8221;<\/p>\n<p><em>Lembrei de n\u00f3s<\/em> \u00e9 tamb\u00e9m o t\u00edtulo do show com o qual Oswaldo Montenegro far\u00e1 turn\u00ea em 2022, Segundo o cantor, j\u00e1 t\u00eam 75 apresenta\u00e7\u00f5es confirmadas e certamente ele tem Bras\u00edlia inclu\u00edda no roteiro.<\/p>\n<p><iframe loading=\"lazy\" title=\"Oswaldo Montenegro - &quot;Lembrei de N\u00f3s&quot;. Clipe oficial. Agenda na descri\u00e7\u00e3o.\" width=\"1440\" height=\"810\" src=\"https:\/\/www.youtube.com\/embed\/Sb0nRBybagc?feature=oembed\" frameborder=\"0\" allow=\"accelerometer; autoplay; clipboard-write; encrypted-media; gyroscope; picture-in-picture; web-share\" referrerpolicy=\"strict-origin-when-cross-origin\" allowfullscreen><\/iframe><\/p>\n","protected":false},"excerpt":{"rendered":"<p>Oswaldo Montenegro lan\u00e7a hoje (6\/11), \u00e0s 15h, o clipe de uma can\u00e7\u00e3o in\u00e9dita intitulada Lembrei de n\u00f3s. Os f\u00e3s poder\u00e3o apreciar o v\u00eddeo no canal que o cantor e compositor mant\u00e9m no YouTube. No dia 12, a m\u00fasica estar\u00e1 dispon\u00edvel em todas as plataformas digitais. A produ\u00e7\u00e3o \u00e9 da The Music of Tomorrow e da produtora do artista, que iniciou [&hellip;]<\/p>\n","protected":false},"author":84,"featured_media":1951,"comment_status":"open","ping_status":"open","sticky":false,"template":"","format":"standard","meta":{"footnotes":""},"categories":[113],"tags":[],"class_list":["post-1950","post","type-post","status-publish","format-standard","has-post-thumbnail","hentry","category-materia"],"_links":{"self":[{"href":"https:\/\/blogs.correiobraziliense.com.br\/trilhasonora\/wp-json\/wp\/v2\/posts\/1950","targetHints":{"allow":["GET"]}}],"collection":[{"href":"https:\/\/blogs.correiobraziliense.com.br\/trilhasonora\/wp-json\/wp\/v2\/posts"}],"about":[{"href":"https:\/\/blogs.correiobraziliense.com.br\/trilhasonora\/wp-json\/wp\/v2\/types\/post"}],"author":[{"embeddable":true,"href":"https:\/\/blogs.correiobraziliense.com.br\/trilhasonora\/wp-json\/wp\/v2\/users\/84"}],"replies":[{"embeddable":true,"href":"https:\/\/blogs.correiobraziliense.com.br\/trilhasonora\/wp-json\/wp\/v2\/comments?post=1950"}],"version-history":[{"count":1,"href":"https:\/\/blogs.correiobraziliense.com.br\/trilhasonora\/wp-json\/wp\/v2\/posts\/1950\/revisions"}],"predecessor-version":[{"id":1952,"href":"https:\/\/blogs.correiobraziliense.com.br\/trilhasonora\/wp-json\/wp\/v2\/posts\/1950\/revisions\/1952"}],"wp:featuredmedia":[{"embeddable":true,"href":"https:\/\/blogs.correiobraziliense.com.br\/trilhasonora\/wp-json\/wp\/v2\/media\/1951"}],"wp:attachment":[{"href":"https:\/\/blogs.correiobraziliense.com.br\/trilhasonora\/wp-json\/wp\/v2\/media?parent=1950"}],"wp:term":[{"taxonomy":"category","embeddable":true,"href":"https:\/\/blogs.correiobraziliense.com.br\/trilhasonora\/wp-json\/wp\/v2\/categories?post=1950"},{"taxonomy":"post_tag","embeddable":true,"href":"https:\/\/blogs.correiobraziliense.com.br\/trilhasonora\/wp-json\/wp\/v2\/tags?post=1950"}],"curies":[{"name":"wp","href":"https:\/\/api.w.org\/{rel}","templated":true}]}}