{"id":1914,"date":"2021-10-15T09:46:06","date_gmt":"2021-10-15T12:46:06","guid":{"rendered":"https:\/\/blogs.correiobraziliense.com.br\/trilhasonora\/?p=1914"},"modified":"2021-10-15T09:46:06","modified_gmt":"2021-10-15T12:46:06","slug":"marcia-tauil-volta-aos-palcos-com-o-show-roda-do-bem-querer","status":"publish","type":"post","link":"https:\/\/blogs.correiobraziliense.com.br\/trilhasonora\/marcia-tauil-volta-aos-palcos-com-o-show-roda-do-bem-querer\/","title":{"rendered":"M\u00e1rcia Tauil volta aos palcos com o show Roda do bem-querer"},"content":{"rendered":"<p><em>Roda do bem-querer<\/em> \u00e9 o nome do show que traz de volta aos palcos, depois de 11 meses de aus\u00eancia, M\u00e1rcia Tauil. uma das artistas com maior presen\u00e7a na cena musical brasiliense. A cantora conviveu com longa quarentena, por conta de uma cirurgia a que foi submetida e a consequente recupera\u00e7\u00e3o no per\u00edodo da pandemia de covid-19. Na apresenta\u00e7\u00e3o de hoje (15\/10), \u00e0s 20h30, no Feiti\u00e7o das Artes (306 Norte), ela privilegia a variedade de ritmos da MPB, que inclui samba, samba de roda, forr\u00f3, ciranda, carimb\u00f3 e marcha-rancho, entremeados por poemas.<\/p>\n<p>M\u00e1rcia tem a companhia de Enos Marcelino (acordeon), Cairo Vitor (viol\u00e3o) e Cl\u00eanio Guimar\u00e3es, para interpretar vasto repert\u00f3rio formado por composi\u00e7\u00f5es de mestres da MPB, entre as quais <em>Pelo telefone<\/em> (Donga e Mauro de Almeida), <em>O samba da minha terra<\/em> (Dorival Caymmi), <em>Algu\u00e9m me avisou<\/em> (Dona Ivone Lara e D\u00e9lcio Carvalho), <em>Al\u00f4 fevereiro<\/em> (Sydnei Miller), <em>Quixabeira<\/em> (Carlinhos Brown), <em>Ciranda da Rosa Vermelha<\/em> (Alceu Valen\u00e7a), <em>Amor com caf\u00e9<\/em> (Ant\u00f4nio Barros e Ceceu), <em>Fogar\u00e9u<\/em> (Walter Queiroz),<em> Foguete<\/em> (Roque Ferreira e Jota Veloso), al\u00e9m da autoral <em>Bagun\u00e7a no balaio<\/em> &#8212; feita em parceria com Melissa Mundim.<\/p>\n<p>&#8220;Ultimamente, tenho me dedicado \u00e0 pesquisa explorando g\u00eaneros musicais diversos. O resultado desse trabalho poder\u00e1 ser observado no repert\u00f3rio dos meus shows e tamb\u00e9m em discos que tenho gravado. Mas, nunca deixo tamb\u00e9m de cantar can\u00e7\u00f5es de minha autoria, com v\u00e1rios parceiros&#8221;, destaca M\u00e1rcia. &#8220;Como tive bastante tempo durante este ano, por conta da quarentena, por problemas de sa\u00fade e tamb\u00e9m em decorr\u00eancia da pandemia, estive afastada dos palcos. Ent\u00e3o pude me dedicar a algo que igualmente me d\u00e1 muito prazer, que \u00e9 me aprofundar no rico universo da m\u00fasica popular brasileira&#8221;.<\/p>\n<p>A cantora que neste ano s\u00f3 fez uma live, no dia 12 de setembro, diz que j\u00e1 foi tomada pela emo\u00e7\u00e3o ao projetar a retomada do contato com o p\u00fablico, no show em que ocupa pela primeira vez o palco do Feiti\u00e7o das Artes. &#8220;Vinda de Minas Gerais, a minha estreia em Bras\u00edlia foi no extinto Feiti\u00e7o Mineiro. Agora no meu retorno aos palcos vou cantar no Feiti\u00e7o das Artes, que ocupou aquele espa\u00e7o art\u00edstico e gastron\u00f4mico na 306 Norte, t\u00e3o importante para a cultura brasiliense. N\u00e3o vejo a hora de voltar a trocar energia com o p\u00fablico que sempre me prestigiou, desde que me radiquei na capital federal&#8221;, ressalta.<\/p>\n<p><strong><em>Roda do bem-querer<\/em><\/strong><br \/>\nShow da cantora M\u00e1rcia Tauil e trio, hoje, \u00e0s 20h30, no Feiti\u00e7o das Artes (306 Norte). Couvert art\u00edstico: R$ 30, Reserva pelo telefone 3548-1680. Classifica\u00e7\u00e3o indicativa livre.<\/p>\n","protected":false},"excerpt":{"rendered":"<p>Roda do bem-querer \u00e9 o nome do show que traz de volta aos palcos, depois de 11 meses de aus\u00eancia, M\u00e1rcia Tauil. uma das artistas com maior presen\u00e7a na cena musical brasiliense. A cantora conviveu com longa quarentena, por conta de uma cirurgia a que foi submetida e a consequente recupera\u00e7\u00e3o no per\u00edodo da pandemia de covid-19. Na apresenta\u00e7\u00e3o de [&hellip;]<\/p>\n","protected":false},"author":84,"featured_media":1915,"comment_status":"open","ping_status":"open","sticky":false,"template":"","format":"standard","meta":{"footnotes":""},"categories":[113],"tags":[231,239,260],"class_list":["post-1914","post","type-post","status-publish","format-standard","has-post-thumbnail","hentry","category-materia","tag-feitico-das-artes","tag-marcia-tauil","tag-roda-do-bem-querer"],"_links":{"self":[{"href":"https:\/\/blogs.correiobraziliense.com.br\/trilhasonora\/wp-json\/wp\/v2\/posts\/1914","targetHints":{"allow":["GET"]}}],"collection":[{"href":"https:\/\/blogs.correiobraziliense.com.br\/trilhasonora\/wp-json\/wp\/v2\/posts"}],"about":[{"href":"https:\/\/blogs.correiobraziliense.com.br\/trilhasonora\/wp-json\/wp\/v2\/types\/post"}],"author":[{"embeddable":true,"href":"https:\/\/blogs.correiobraziliense.com.br\/trilhasonora\/wp-json\/wp\/v2\/users\/84"}],"replies":[{"embeddable":true,"href":"https:\/\/blogs.correiobraziliense.com.br\/trilhasonora\/wp-json\/wp\/v2\/comments?post=1914"}],"version-history":[{"count":1,"href":"https:\/\/blogs.correiobraziliense.com.br\/trilhasonora\/wp-json\/wp\/v2\/posts\/1914\/revisions"}],"predecessor-version":[{"id":1916,"href":"https:\/\/blogs.correiobraziliense.com.br\/trilhasonora\/wp-json\/wp\/v2\/posts\/1914\/revisions\/1916"}],"wp:featuredmedia":[{"embeddable":true,"href":"https:\/\/blogs.correiobraziliense.com.br\/trilhasonora\/wp-json\/wp\/v2\/media\/1915"}],"wp:attachment":[{"href":"https:\/\/blogs.correiobraziliense.com.br\/trilhasonora\/wp-json\/wp\/v2\/media?parent=1914"}],"wp:term":[{"taxonomy":"category","embeddable":true,"href":"https:\/\/blogs.correiobraziliense.com.br\/trilhasonora\/wp-json\/wp\/v2\/categories?post=1914"},{"taxonomy":"post_tag","embeddable":true,"href":"https:\/\/blogs.correiobraziliense.com.br\/trilhasonora\/wp-json\/wp\/v2\/tags?post=1914"}],"curies":[{"name":"wp","href":"https:\/\/api.w.org\/{rel}","templated":true}]}}