{"id":1904,"date":"2021-10-07T08:51:41","date_gmt":"2021-10-07T11:51:41","guid":{"rendered":"https:\/\/blogs.correiobraziliense.com.br\/trilhasonora\/?p=1904"},"modified":"2021-10-06T20:59:21","modified_gmt":"2021-10-06T23:59:21","slug":"djavan-recebe-premio-ubc","status":"publish","type":"post","link":"https:\/\/blogs.correiobraziliense.com.br\/trilhasonora\/djavan-recebe-premio-ubc\/","title":{"rendered":"Djavan recebe Pr\u00eamio UBC"},"content":{"rendered":"<p><em>\/A homenagem ao cantor e compositor, hoje (7\/10) \u00e0s 19h, tem transmiss\u00e3o pelo YouTube<\/em><\/p>\n<p>Um dos nomes mais expressivos da m\u00fasica popular brasileira, Djavan \u00e9 o grande homenageado na quinta edi\u00e7\u00e3o do Pr\u00eamio UBC. A cerim\u00f4nia da entrega do trof\u00e9u, previamente gravada na sede de Uni\u00e3o Nacional dos Compositores, no Rio de Janeiro. tem transmiss\u00e3o hoje, \u00e0s 19h, pelo canal da institui\u00e7\u00e3o no <a href=\"https:\/\/www.youtube.com\/channel\/UCYsM1aKJ2nV4l9n68gWzwdw\">YouTube<\/a>.<\/p>\n<p>Em 45 anos de carreira, o cantor e compositor alagoano lan\u00e7ou 25 \u00e1lbum e diversas colet\u00e2neas, tendo o registro de 303 m\u00fasicas. V\u00e1rias delas foram gravadas por alguns dos maiores int\u00e9rpretes da MPB, entre os quais Chico Buarque, Caetano Veloso, Ney Matogrosso, Jo\u00e3o Bosco, Maria Beth\u00e2nia, Gal Costa e Z\u00e9lia Duncan.<\/p>\n<p>\u201cFiquei comovido quando soube que receberia o Pr\u00eamio UBC. Para mim \u00e9 mais um incentivo em minha vida art\u00edstica, para que continue criando e criando. Escrever letras e poesias me deixa em um estado de eleva\u00e7\u00e3o enorme. Sempre que acabo de fazer uma m\u00fasica, me sinto o homem mais poderoso do mundo. Quando componho, n\u00e3o penso em um tema espec\u00edfico. Come\u00e7o sem pensar em nada, deixando fluir. Entro no est\u00fadio com melodia e harmonia prontos. \u00c9 o que me basta para come\u00e7ar tudo, juntar os m\u00fasicos e desenvolver arranjos. S\u00f3 depois, com as m\u00fasicas prontas, que escrevo as letras&#8221; ressalta Djavan.<\/p>\n<p><iframe loading=\"lazy\" title=\"Teaser Pr\u00eamio UBC 2021 - Geraldo Azevedo\" width=\"1440\" height=\"810\" src=\"https:\/\/www.youtube.com\/embed\/94RUat-oktY?feature=oembed\" frameborder=\"0\" allow=\"accelerometer; autoplay; clipboard-write; encrypted-media; gyroscope; picture-in-picture; web-share\" referrerpolicy=\"strict-origin-when-cross-origin\" allowfullscreen><\/iframe><\/p>\n<p>Outro destaque da programa\u00e7\u00e3o do evento, que tem dire\u00e7\u00e3o de Z\u00e9 Ricardo, \u00e9 o show com artistas de diferentes gera\u00e7\u00f5es e estilos da MPB, que interpretam can\u00e7\u00f5es do homenageado. Geraldo Azevedo canta <em>Retratos da vida<\/em>; Diogo Nogueira, <em>Flor de lis<\/em>; Mart&#8217;n\u00e1lia, <em>Top\u00e1zio<\/em>; Criolo,<em> Oceano<\/em>; Anavit\u00f3ria, <em>A\u00e7a\u00ed<\/em>; Liniker, <em>Mal de mim<\/em>;<br \/>\nGiulia Be, <em>Te devoro<\/em>; Agnes Nunes, <em>Amor puro<\/em>; e Jonathan Ferr, <em>P\u00e9tala<\/em>.<\/p>\n<p><iframe loading=\"lazy\" title=\"Teaser Pr\u00eamio UBC 2021 - Criolo\" width=\"1440\" height=\"810\" src=\"https:\/\/www.youtube.com\/embed\/OZekhdGXBWg?feature=oembed\" frameborder=\"0\" allow=\"accelerometer; autoplay; clipboard-write; encrypted-media; gyroscope; picture-in-picture; web-share\" referrerpolicy=\"strict-origin-when-cross-origin\" allowfullscreen><\/iframe><\/p>\n","protected":false},"excerpt":{"rendered":"<p>\/A homenagem ao cantor e compositor, hoje (7\/10) \u00e0s 19h, tem transmiss\u00e3o pelo YouTube Um dos nomes mais expressivos da m\u00fasica popular brasileira, Djavan \u00e9 o grande homenageado na quinta edi\u00e7\u00e3o do Pr\u00eamio UBC. A cerim\u00f4nia da entrega do trof\u00e9u, previamente gravada na sede de Uni\u00e3o Nacional dos Compositores, no Rio de Janeiro. tem transmiss\u00e3o hoje, \u00e0s 19h, pelo canal [&hellip;]<\/p>\n","protected":false},"author":84,"featured_media":1905,"comment_status":"open","ping_status":"open","sticky":false,"template":"","format":"standard","meta":{"footnotes":""},"categories":[113],"tags":[258,142,259],"class_list":["post-1904","post","type-post","status-publish","format-standard","has-post-thumbnail","hentry","category-materia","tag-djavan","tag-homenagem","tag-premio-ucb"],"_links":{"self":[{"href":"https:\/\/blogs.correiobraziliense.com.br\/trilhasonora\/wp-json\/wp\/v2\/posts\/1904","targetHints":{"allow":["GET"]}}],"collection":[{"href":"https:\/\/blogs.correiobraziliense.com.br\/trilhasonora\/wp-json\/wp\/v2\/posts"}],"about":[{"href":"https:\/\/blogs.correiobraziliense.com.br\/trilhasonora\/wp-json\/wp\/v2\/types\/post"}],"author":[{"embeddable":true,"href":"https:\/\/blogs.correiobraziliense.com.br\/trilhasonora\/wp-json\/wp\/v2\/users\/84"}],"replies":[{"embeddable":true,"href":"https:\/\/blogs.correiobraziliense.com.br\/trilhasonora\/wp-json\/wp\/v2\/comments?post=1904"}],"version-history":[{"count":1,"href":"https:\/\/blogs.correiobraziliense.com.br\/trilhasonora\/wp-json\/wp\/v2\/posts\/1904\/revisions"}],"predecessor-version":[{"id":1906,"href":"https:\/\/blogs.correiobraziliense.com.br\/trilhasonora\/wp-json\/wp\/v2\/posts\/1904\/revisions\/1906"}],"wp:featuredmedia":[{"embeddable":true,"href":"https:\/\/blogs.correiobraziliense.com.br\/trilhasonora\/wp-json\/wp\/v2\/media\/1905"}],"wp:attachment":[{"href":"https:\/\/blogs.correiobraziliense.com.br\/trilhasonora\/wp-json\/wp\/v2\/media?parent=1904"}],"wp:term":[{"taxonomy":"category","embeddable":true,"href":"https:\/\/blogs.correiobraziliense.com.br\/trilhasonora\/wp-json\/wp\/v2\/categories?post=1904"},{"taxonomy":"post_tag","embeddable":true,"href":"https:\/\/blogs.correiobraziliense.com.br\/trilhasonora\/wp-json\/wp\/v2\/tags?post=1904"}],"curies":[{"name":"wp","href":"https:\/\/api.w.org\/{rel}","templated":true}]}}