{"id":1890,"date":"2021-09-08T08:18:59","date_gmt":"2021-09-08T11:18:59","guid":{"rendered":"https:\/\/blogs.correiobraziliense.com.br\/trilhasonora\/?p=1890"},"modified":"2021-09-07T18:24:28","modified_gmt":"2021-09-07T21:24:28","slug":"noite-de-jazz","status":"publish","type":"post","link":"https:\/\/blogs.correiobraziliense.com.br\/trilhasonora\/noite-de-jazz\/","title":{"rendered":"Noite de Jazz"},"content":{"rendered":"<p><em>Projeto do Noah Garden apresenta o saxofonista e flautista L\u00edvio Almeida<\/em><\/p>\n<p>Projeto que ocorria antes da pandemia de covid-19, no Noah Garden Bar (CLS 408 Bl. C Lj. 25), o Noite de Jazz est\u00e1 de volta, com produ\u00e7\u00e3o e dire\u00e7\u00e3o do contrabaixista Oswaldo Amorim. Hoje (quarta-feira) \u00e0s 20h30, ele tem como convidado o saxofonista, flautista e compositor L\u00edvio Almeida, a quem vai acompanhar, ao lado de Misael Silvestre (teclados) e Pedro Almeida (bateria). Juntos, eles v\u00e3o interpretar um repert\u00f3rio que inclui composi\u00e7\u00f5es de Tom Jobim, Edu Lobo, Toninho Horta, Ant\u00f4nio Adolfo, Fil\u00f3 Machado, Cedor Walter e Jaco Pastorius.<\/p>\n<p>Bacharel em saxofone pela Universidade de Bras\u00edlia, L\u00edvio especializou-se em jazz performance pelo City College of New York e tornou-se mestre em composi\u00e7\u00e3o pelo Brooklin College of New Yorker. Atualmente faz doutorado em performance musical pela Universidade de Campinas (SP). O flautista j\u00e1 tocou com outros grandes instrumentistas, entre os quais Antero O&#8217;Farril, Jon Gordan, Ari Hoening, Romero Lubambo e Nelson \u00c2ngelo; e tamb\u00e9m com a Afro Latin Jazz Orchestra, Birdland BigBand e Eco Music Big Band.<\/p>\n<p>O talento e a performance instrumental de L\u00edvio Almeida j\u00e1 foi apreciada em importantes palcos, entre os quais os do Carneggie Hall, Birdland, Lincoln Center, Zinc Bar, e em como Los Angeles Centre Avenue Jazz Festival, Newport Jazz Festival, Ny Winter Jazz Festival e Jazz Fest Symphony.<\/p>\n<p>Reservas pelo telefone: 3548-7988.<\/p>\n","protected":false},"excerpt":{"rendered":"<p>Projeto do Noah Garden apresenta o saxofonista e flautista L\u00edvio Almeida<\/p>\n","protected":false},"author":84,"featured_media":1891,"comment_status":"open","ping_status":"open","sticky":false,"template":"","format":"standard","meta":{"footnotes":""},"categories":[113],"tags":[],"class_list":["post-1890","post","type-post","status-publish","format-standard","has-post-thumbnail","hentry","category-materia"],"_links":{"self":[{"href":"https:\/\/blogs.correiobraziliense.com.br\/trilhasonora\/wp-json\/wp\/v2\/posts\/1890","targetHints":{"allow":["GET"]}}],"collection":[{"href":"https:\/\/blogs.correiobraziliense.com.br\/trilhasonora\/wp-json\/wp\/v2\/posts"}],"about":[{"href":"https:\/\/blogs.correiobraziliense.com.br\/trilhasonora\/wp-json\/wp\/v2\/types\/post"}],"author":[{"embeddable":true,"href":"https:\/\/blogs.correiobraziliense.com.br\/trilhasonora\/wp-json\/wp\/v2\/users\/84"}],"replies":[{"embeddable":true,"href":"https:\/\/blogs.correiobraziliense.com.br\/trilhasonora\/wp-json\/wp\/v2\/comments?post=1890"}],"version-history":[{"count":1,"href":"https:\/\/blogs.correiobraziliense.com.br\/trilhasonora\/wp-json\/wp\/v2\/posts\/1890\/revisions"}],"predecessor-version":[{"id":1892,"href":"https:\/\/blogs.correiobraziliense.com.br\/trilhasonora\/wp-json\/wp\/v2\/posts\/1890\/revisions\/1892"}],"wp:featuredmedia":[{"embeddable":true,"href":"https:\/\/blogs.correiobraziliense.com.br\/trilhasonora\/wp-json\/wp\/v2\/media\/1891"}],"wp:attachment":[{"href":"https:\/\/blogs.correiobraziliense.com.br\/trilhasonora\/wp-json\/wp\/v2\/media?parent=1890"}],"wp:term":[{"taxonomy":"category","embeddable":true,"href":"https:\/\/blogs.correiobraziliense.com.br\/trilhasonora\/wp-json\/wp\/v2\/categories?post=1890"},{"taxonomy":"post_tag","embeddable":true,"href":"https:\/\/blogs.correiobraziliense.com.br\/trilhasonora\/wp-json\/wp\/v2\/tags?post=1890"}],"curies":[{"name":"wp","href":"https:\/\/api.w.org\/{rel}","templated":true}]}}