{"id":1887,"date":"2021-09-03T18:45:36","date_gmt":"2021-09-03T21:45:36","guid":{"rendered":"https:\/\/blogs.correiobraziliense.com.br\/trilhasonora\/?p=1887"},"modified":"2021-09-03T18:45:36","modified_gmt":"2021-09-03T21:45:36","slug":"ayrton-montarroyos-homenageia-caetano-veloso","status":"publish","type":"post","link":"https:\/\/blogs.correiobraziliense.com.br\/trilhasonora\/ayrton-montarroyos-homenageia-caetano-veloso\/","title":{"rendered":"Ayrton Montarroyos homenageia Caetano Veloso"},"content":{"rendered":"<p><em>Can\u00e7\u00f5es do eterno tropicalista ganham releitura do jovem cantor pernambucano<\/em><\/p>\n<p>Uma das mais belas vozes da da nova gera\u00e7\u00e3o da MPB, Ayrton Montarroyos aproveitou a longa quarentena, determinada pela pandemia da covid-19, para produzir uma s\u00e9rie de lives tem\u00e1ticas, nas quais canta can\u00e7\u00f5es e conta hist\u00f3rias sobre grandes compositores brasileiros. Depois de Dona Ivone Lara e Lupic\u00ednio Rodrigues, ele se deteve sobre a trajet\u00f3ria e a obra de Caetano Veloso. At\u00e9 outubro, a gravadora Biscoito Fino vai editar \u00e1lbuns reunindo can\u00e7\u00f5es interpretadas por ele.<\/p>\n<p>No \u00e1lbum em que homenageia o compositor baiano, intitulado <em>Caetano Veloso al\u00e9m do Transa<\/em>, tendo Jo\u00e3o Camarero no acompanhamento, Montarroyos optou por gravar can\u00e7\u00f5es menos conhecidas do eterno tropicalista, entre as quais <em>Nu com minha m\u00fasica<\/em>,<em> Queixa<\/em>, <em>Trem das cores<\/em>, <em>Onde eu nasci passa um rio<\/em>, <em>O homem velho<\/em>, <em>Onde o Rio \u00e9 mais baiano<\/em>, <em>Clarice<\/em> e <em>Onde andar\u00e1s<\/em> &#8212; as duas \u00faltimas compostas com Jos\u00e9 Carlos Capinan e Ferreira Gullar, respectivamente.<\/p>\n<p>&#8220;Caetano Veloso tem uma import\u00e2ncia imensa na minha vida. <em>For\u00e7a estranha<\/em>, por exemplo, \u00e9 uma m\u00fasica que canto desde a adolesc\u00eancia. Para o repert\u00f3rio do disco escolhi as can\u00e7\u00f5es menos gravadas. A maior parte delas eu conhecia, mas tive que estudar as letras para cant\u00e1-las&#8221;, conta o jovem artista pernambucano, radicado em S\u00e3o Paulo.<\/p>\n<p>Ayrton Montarroyos \u00e9 profissional da m\u00fasica desde a adolesc\u00eancia. Em 2013 gravou o cl\u00e1ssico <em>Riacho do Navio<\/em>, de Luiz Gonzaga e Z\u00e9 Dantas. No mesmo ano fez seu primeiro show, no Teatro Beberibe, em Recife. Ao participar da quarta edi\u00e7\u00e3o do <em>The Voice Brasil<\/em>, em 2015. foi um dos destaques, chegando \u00e0 final. Uma das can\u00e7\u00f5es que cantou durante o programa foi <em>For\u00e7a estranha<\/em> &#8212; gravada originalmente por Roberto Carlos.<\/p>\n<p><iframe loading=\"lazy\" title=\"Ter\u00e7as Ao Vivo com Ayrton Montarroyos - Caetano Veloso Al\u00e9m do Transa\" width=\"1440\" height=\"810\" src=\"https:\/\/www.youtube.com\/embed\/yAjZw4ZXX5Y?feature=oembed\" frameborder=\"0\" allow=\"accelerometer; autoplay; clipboard-write; encrypted-media; gyroscope; picture-in-picture; web-share\" referrerpolicy=\"strict-origin-when-cross-origin\" allowfullscreen><\/iframe><\/p>\n","protected":false},"excerpt":{"rendered":"<p>Can\u00e7\u00f5es do eterno tropicalista ganham releitura do jovem cantor pernambucano<\/p>\n","protected":false},"author":84,"featured_media":1888,"comment_status":"open","ping_status":"open","sticky":false,"template":"","format":"standard","meta":{"footnotes":""},"categories":[113],"tags":[],"class_list":["post-1887","post","type-post","status-publish","format-standard","has-post-thumbnail","hentry","category-materia"],"_links":{"self":[{"href":"https:\/\/blogs.correiobraziliense.com.br\/trilhasonora\/wp-json\/wp\/v2\/posts\/1887","targetHints":{"allow":["GET"]}}],"collection":[{"href":"https:\/\/blogs.correiobraziliense.com.br\/trilhasonora\/wp-json\/wp\/v2\/posts"}],"about":[{"href":"https:\/\/blogs.correiobraziliense.com.br\/trilhasonora\/wp-json\/wp\/v2\/types\/post"}],"author":[{"embeddable":true,"href":"https:\/\/blogs.correiobraziliense.com.br\/trilhasonora\/wp-json\/wp\/v2\/users\/84"}],"replies":[{"embeddable":true,"href":"https:\/\/blogs.correiobraziliense.com.br\/trilhasonora\/wp-json\/wp\/v2\/comments?post=1887"}],"version-history":[{"count":1,"href":"https:\/\/blogs.correiobraziliense.com.br\/trilhasonora\/wp-json\/wp\/v2\/posts\/1887\/revisions"}],"predecessor-version":[{"id":1889,"href":"https:\/\/blogs.correiobraziliense.com.br\/trilhasonora\/wp-json\/wp\/v2\/posts\/1887\/revisions\/1889"}],"wp:featuredmedia":[{"embeddable":true,"href":"https:\/\/blogs.correiobraziliense.com.br\/trilhasonora\/wp-json\/wp\/v2\/media\/1888"}],"wp:attachment":[{"href":"https:\/\/blogs.correiobraziliense.com.br\/trilhasonora\/wp-json\/wp\/v2\/media?parent=1887"}],"wp:term":[{"taxonomy":"category","embeddable":true,"href":"https:\/\/blogs.correiobraziliense.com.br\/trilhasonora\/wp-json\/wp\/v2\/categories?post=1887"},{"taxonomy":"post_tag","embeddable":true,"href":"https:\/\/blogs.correiobraziliense.com.br\/trilhasonora\/wp-json\/wp\/v2\/tags?post=1887"}],"curies":[{"name":"wp","href":"https:\/\/api.w.org\/{rel}","templated":true}]}}