{"id":1855,"date":"2021-07-30T20:19:56","date_gmt":"2021-07-30T23:19:56","guid":{"rendered":"https:\/\/blogs.correiobraziliense.com.br\/trilhasonora\/?p=1855"},"modified":"2021-07-30T20:19:56","modified_gmt":"2021-07-30T23:19:56","slug":"alysson-takaky-faz-show-no-quintal-ccbb","status":"publish","type":"post","link":"https:\/\/blogs.correiobraziliense.com.br\/trilhasonora\/alysson-takaky-faz-show-no-quintal-ccbb\/","title":{"rendered":"Alysson Takaky faz show no Quintal CCBB"},"content":{"rendered":"<p><em>O cantor e compositor vai interpretar composi\u00e7\u00f5es autorais e cl\u00e1ssicos da MPB<\/em><\/p>\n<p>Um dos artistas de maior presen\u00e7a na cena musical brasiliense, Alysson Takaki costuma se apresentar em casas noturnas, clubes, eventos corporativos e festas particulares. Neste domingo (1\u00ba\/8), \u00e0s 17h, o cantor e compositor faz show nos jardins do Centro Cultural Banco do Brasil (Setor de Clubes Sul) pelo projeto Quintal CCBB.<\/p>\n<p>No show, em que mostra composi\u00e7\u00f5es autorais, como <em>Dias normais<\/em>, <em>Mil palavras<\/em> e<em> Ut\u00f3pico<\/em> e interpreta cl\u00e1ssicos da obra de Stevie Wonder, Gilberto Gil, Milton Nascimento, L\u00f4 Borges e Dori Caymmi, Alysson tem a companhia da banda formada por Edson Arcanjo (viol\u00e3o e dire\u00e7\u00e3o musical), Hamilton Pinheiro (contrabaixo), Gregore J\u00fanior (piano) e Sandro Alves (percuss\u00e3o).<\/p>\n<p>Com trajet\u00f3ria art\u00edstica consolidada, ao longo de 25 anos de carreira, Alysson Takaky lan\u00e7ou dois CDs, <em>No seu mundo<\/em> (2006) e <em>Querer sem fim<\/em> (2011); al\u00e9m de um DVD, intitulado <em>Sobre viver cantando,<\/em> de 2016.<\/p>\n<p><iframe loading=\"lazy\" title=\"MINHA (v\u00eddeo clipe)\" width=\"1440\" height=\"810\" src=\"https:\/\/www.youtube.com\/embed\/n-EtggwYP-A?feature=oembed\" frameborder=\"0\" allow=\"accelerometer; autoplay; clipboard-write; encrypted-media; gyroscope; picture-in-picture; web-share\" referrerpolicy=\"strict-origin-when-cross-origin\" allowfullscreen><\/iframe><\/p>\n","protected":false},"excerpt":{"rendered":"<p>O cantor e compositor vai interpretar composi\u00e7\u00f5es autorais e cl\u00e1ssicos da MPB<\/p>\n","protected":false},"author":84,"featured_media":1856,"comment_status":"open","ping_status":"open","sticky":false,"template":"","format":"standard","meta":{"footnotes":""},"categories":[113],"tags":[],"class_list":["post-1855","post","type-post","status-publish","format-standard","has-post-thumbnail","hentry","category-materia"],"_links":{"self":[{"href":"https:\/\/blogs.correiobraziliense.com.br\/trilhasonora\/wp-json\/wp\/v2\/posts\/1855","targetHints":{"allow":["GET"]}}],"collection":[{"href":"https:\/\/blogs.correiobraziliense.com.br\/trilhasonora\/wp-json\/wp\/v2\/posts"}],"about":[{"href":"https:\/\/blogs.correiobraziliense.com.br\/trilhasonora\/wp-json\/wp\/v2\/types\/post"}],"author":[{"embeddable":true,"href":"https:\/\/blogs.correiobraziliense.com.br\/trilhasonora\/wp-json\/wp\/v2\/users\/84"}],"replies":[{"embeddable":true,"href":"https:\/\/blogs.correiobraziliense.com.br\/trilhasonora\/wp-json\/wp\/v2\/comments?post=1855"}],"version-history":[{"count":1,"href":"https:\/\/blogs.correiobraziliense.com.br\/trilhasonora\/wp-json\/wp\/v2\/posts\/1855\/revisions"}],"predecessor-version":[{"id":1857,"href":"https:\/\/blogs.correiobraziliense.com.br\/trilhasonora\/wp-json\/wp\/v2\/posts\/1855\/revisions\/1857"}],"wp:featuredmedia":[{"embeddable":true,"href":"https:\/\/blogs.correiobraziliense.com.br\/trilhasonora\/wp-json\/wp\/v2\/media\/1856"}],"wp:attachment":[{"href":"https:\/\/blogs.correiobraziliense.com.br\/trilhasonora\/wp-json\/wp\/v2\/media?parent=1855"}],"wp:term":[{"taxonomy":"category","embeddable":true,"href":"https:\/\/blogs.correiobraziliense.com.br\/trilhasonora\/wp-json\/wp\/v2\/categories?post=1855"},{"taxonomy":"post_tag","embeddable":true,"href":"https:\/\/blogs.correiobraziliense.com.br\/trilhasonora\/wp-json\/wp\/v2\/tags?post=1855"}],"curies":[{"name":"wp","href":"https:\/\/api.w.org\/{rel}","templated":true}]}}