{"id":1840,"date":"2021-07-18T10:32:26","date_gmt":"2021-07-18T13:32:26","guid":{"rendered":"https:\/\/blogs.correiobraziliense.com.br\/trilhasonora\/?p=1840"},"modified":"2021-07-18T10:36:21","modified_gmt":"2021-07-18T13:36:21","slug":"litieh-lanca-single-com-catire","status":"publish","type":"post","link":"https:\/\/blogs.correiobraziliense.com.br\/trilhasonora\/litieh-lanca-single-com-catire\/","title":{"rendered":"Litieh lan\u00e7a single com Catir\u00e9"},"content":{"rendered":"<p><strong>A m\u00fasica ganhou clipe gravado em Cara\u00edva<\/strong><\/p>\n<p>Catir\u00e9 \u00e9 uma dan\u00e7a c\u00f3smica do ijex\u00e1, ritmo baiano origin\u00e1rio da \u00c1frica. Esta express\u00e3o est\u00e1 ligada tamb\u00e9m a hist\u00f3rias ind\u00edgenas e d\u00e1 t\u00edtulo ao single que a cantora e compositora Litieh est\u00e1 lan\u00e7ando nas plataformas digitais. Gravada anteriormente num CD em 2015, agora com novo arranjo, ganhou um videoclipe filmado na paradis\u00edaca Cara\u00edva, no litoral baiano, com estreia em 25 de julho. Ou\u00e7a <a href=\"https:\/\/open.spotify.com\/album\/7Ms2uFDTv0D669fR0H3VOq\">aqui<\/a> a nova vers\u00e3o da faixa.<\/p>\n<p>Na vers\u00e3o de agora, Litieh foi acompanhada na grava\u00e7\u00e3o de instrumentistas de destaque da cena musical brasiliense: Rafael Cruz Tico (baixo), Marcus Moraes (guitarra), Caio Fonseca (bateria), Vitor Adonai (clarinete e clarone) e Rozinaldo Miranda (flauta).<\/p>\n<p>Sobre o cen\u00e1rio do clipe, a artista diz: &#8220;L\u00e1 ficava de frente ao rio a dez passos do mar. Na casinha enquanto ouvia hist\u00f3rias contadas por pescadores, tocava viol\u00e3o e isso foi despertando in\u00fameras sensa\u00e7\u00f5es com a m\u00fasica&#8221;.<\/p>\n<p>Em 11 anos dedicados a m\u00fasica, Litieh lan\u00e7ou dois \u00e1lbuns, alguns singles e clipes. Ela j\u00e1 se apresentou na Sala Villa-Lobos do Teatro Nacional e no Clube do Choro, participou de festivais e dividiu o palco com Moraes Moreira, Mariana Aydar e o acordeonista Mestrinho.<\/p>\n<h2>Relembre o \u00e1lbum <em>Catir\u00e9<\/em>, de 2015<\/h2>\n<p><iframe loading=\"lazy\" title=\"\u00c1lbum &quot;Catir\u00e9&quot; - Litieh - 2015\" width=\"1333\" height=\"1000\" src=\"https:\/\/www.youtube.com\/embed\/h2NBkbhSXMU?feature=oembed\" frameborder=\"0\" allow=\"accelerometer; autoplay; clipboard-write; encrypted-media; gyroscope; picture-in-picture; web-share\" referrerpolicy=\"strict-origin-when-cross-origin\" allowfullscreen><\/iframe><\/p>\n","protected":false},"excerpt":{"rendered":"<p>A m\u00fasica ganhou clipe gravado em Cara\u00edva Catir\u00e9 \u00e9 uma dan\u00e7a c\u00f3smica do ijex\u00e1, ritmo baiano origin\u00e1rio da \u00c1frica. Esta express\u00e3o est\u00e1 ligada tamb\u00e9m a hist\u00f3rias ind\u00edgenas e d\u00e1 t\u00edtulo ao single que a cantora e compositora Litieh est\u00e1 lan\u00e7ando nas plataformas digitais. Gravada anteriormente num CD em 2015, agora com novo arranjo, ganhou um videoclipe filmado na paradis\u00edaca Cara\u00edva, [&hellip;]<\/p>\n","protected":false},"author":84,"featured_media":1842,"comment_status":"open","ping_status":"open","sticky":false,"template":"","format":"standard","meta":{"footnotes":""},"categories":[113],"tags":[],"class_list":["post-1840","post","type-post","status-publish","format-standard","has-post-thumbnail","hentry","category-materia"],"_links":{"self":[{"href":"https:\/\/blogs.correiobraziliense.com.br\/trilhasonora\/wp-json\/wp\/v2\/posts\/1840","targetHints":{"allow":["GET"]}}],"collection":[{"href":"https:\/\/blogs.correiobraziliense.com.br\/trilhasonora\/wp-json\/wp\/v2\/posts"}],"about":[{"href":"https:\/\/blogs.correiobraziliense.com.br\/trilhasonora\/wp-json\/wp\/v2\/types\/post"}],"author":[{"embeddable":true,"href":"https:\/\/blogs.correiobraziliense.com.br\/trilhasonora\/wp-json\/wp\/v2\/users\/84"}],"replies":[{"embeddable":true,"href":"https:\/\/blogs.correiobraziliense.com.br\/trilhasonora\/wp-json\/wp\/v2\/comments?post=1840"}],"version-history":[{"count":1,"href":"https:\/\/blogs.correiobraziliense.com.br\/trilhasonora\/wp-json\/wp\/v2\/posts\/1840\/revisions"}],"predecessor-version":[{"id":1841,"href":"https:\/\/blogs.correiobraziliense.com.br\/trilhasonora\/wp-json\/wp\/v2\/posts\/1840\/revisions\/1841"}],"wp:featuredmedia":[{"embeddable":true,"href":"https:\/\/blogs.correiobraziliense.com.br\/trilhasonora\/wp-json\/wp\/v2\/media\/1842"}],"wp:attachment":[{"href":"https:\/\/blogs.correiobraziliense.com.br\/trilhasonora\/wp-json\/wp\/v2\/media?parent=1840"}],"wp:term":[{"taxonomy":"category","embeddable":true,"href":"https:\/\/blogs.correiobraziliense.com.br\/trilhasonora\/wp-json\/wp\/v2\/categories?post=1840"},{"taxonomy":"post_tag","embeddable":true,"href":"https:\/\/blogs.correiobraziliense.com.br\/trilhasonora\/wp-json\/wp\/v2\/tags?post=1840"}],"curies":[{"name":"wp","href":"https:\/\/api.w.org\/{rel}","templated":true}]}}