{"id":1823,"date":"2021-06-30T16:12:59","date_gmt":"2021-06-30T19:12:59","guid":{"rendered":"https:\/\/blogs.correiobraziliense.com.br\/trilhasonora\/?p=1823"},"modified":"2021-06-30T16:12:59","modified_gmt":"2021-06-30T19:12:59","slug":"carlinhos-brown-abre-a-serie-espetaculo-de-musica-do-instituto-usiminas","status":"publish","type":"post","link":"https:\/\/blogs.correiobraziliense.com.br\/trilhasonora\/carlinhos-brown-abre-a-serie-espetaculo-de-musica-do-instituto-usiminas\/","title":{"rendered":"Carlinhos Brown abre a s\u00e9rie &#8220;Espet\u00e1culo de M\u00fasica&#8221; do Instituto Usiminas"},"content":{"rendered":"<p><b>No show o cantor, compositor e multi-instrumentista baiano interpreta can\u00e7\u00f5es marcantes em sua trajet\u00f3ria\u00a0<\/b><\/p>\n<p><span style=\"font-weight: 400\">Show de Carlinhos Brown abre hoje, \u00e0s 20h, a s\u00e9rie<em> Espet\u00e1culo de M\u00fasica<\/em> do Instituto Usiminas, que marca a estreia do canal da institui\u00e7\u00e3o no <a href=\"http:\/\/bit.ly\/YoutubeInstitutoUsiminas\">YouTube<\/a>. Nesta apresenta\u00e7\u00e3o on-line, o compositor, cantor e multi-instrumentista vai interpretar can\u00e7\u00f5es que s\u00e3o marcantes em em sua trajet\u00f3ria, entre as quais <\/span><i><span style=\"font-weight: 400\">A namorada<\/span><\/i><span style=\"font-weight: 400\">,\u00a0<\/span><i><span style=\"font-weight: 400\">\u00c1gua tamb\u00e9m \u00e9 mar<\/span><\/i><span style=\"font-weight: 400\">, <\/span><i><span style=\"font-weight: 400\">Maracaia<\/span><\/i><span style=\"font-weight: 400\">, <\/span><i><span style=\"font-weight: 400\">Rom\u00e2ntico ambiente<\/span><\/i><span style=\"font-weight: 400\"> e <\/span><i><span style=\"font-weight: 400\">Tantinho.<\/span><\/i><\/p>\n<p><span style=\"font-weight: 400\">\u00c9 poss\u00edvel que ele venha incluir no repert\u00f3rio m\u00fasicas do coletivo Tribalistas, como <\/span><i><span style=\"font-weight: 400\">Carnav\u00e1lia<\/span><\/i><span style=\"font-weight: 400\">, <\/span><i><span style=\"font-weight: 400\">J\u00e1 sei namorar<\/span><\/i><span style=\"font-weight: 400\">, <\/span><i><span style=\"font-weight: 400\">Passe em casa <\/span><\/i><span style=\"font-weight: 400\">e <\/span><i><span style=\"font-weight: 400\">Velha inf\u00e2ncia<\/span><\/i><span style=\"font-weight: 400\">, das quais \u00e9-co-autor. Nesta live, Brown, embaixador Ibero-Americana para a Cultura, tem a companhia de Thiago Pugas (teclados), Jaguar Andrade (guitarras e viol\u00f5es).<\/span><\/p>\n<p><span style=\"font-weight: 400\">Recentemente, o artista baiano, um dos nomes de maior destaque da m\u00fasica popular brasileira, lan\u00e7ou, no formato on-line o curso <\/span><i><span style=\"font-weight: 400\">Introdu\u00e7\u00e3o \u00e0 percuss\u00e3o: Descubra a magia dos ritmos. <\/span><\/i><span style=\"font-weight: 400\">No curso ele parte de uma viagem pela hist\u00f3ria da percuss\u00e3o e sua linguagem universal; e revela segredos para que cada aluno possa compor sua pr\u00f3pria c\u00e9lula r\u00edtmica, usando criatividade para adaptar a instrumentos e se expressar por meio dos mais variados sins.<\/span><\/p>\n<p><iframe loading=\"lazy\" title=\"Carlinhos Brown - A Namorada (High Quality)\" width=\"1333\" height=\"1000\" src=\"https:\/\/www.youtube.com\/embed\/F_3yNJXSN2U?feature=oembed\" frameborder=\"0\" allow=\"accelerometer; autoplay; clipboard-write; encrypted-media; gyroscope; picture-in-picture; web-share\" referrerpolicy=\"strict-origin-when-cross-origin\" allowfullscreen><\/iframe><\/p>\n<p>&nbsp;<\/p>\n","protected":false},"excerpt":{"rendered":"<p>No show o cantor, compositor e multi-instrumentista baiano interpreta can\u00e7\u00f5es marcantes em sua trajet\u00f3ria<\/p>\n","protected":false},"author":84,"featured_media":1824,"comment_status":"open","ping_status":"open","sticky":false,"template":"","format":"standard","meta":{"footnotes":""},"categories":[2],"tags":[249,201,36,21],"class_list":["post-1823","post","type-post","status-publish","format-standard","has-post-thumbnail","hentry","category-musica","tag-carlinhos-brown","tag-live","tag-musica","tag-show"],"_links":{"self":[{"href":"https:\/\/blogs.correiobraziliense.com.br\/trilhasonora\/wp-json\/wp\/v2\/posts\/1823","targetHints":{"allow":["GET"]}}],"collection":[{"href":"https:\/\/blogs.correiobraziliense.com.br\/trilhasonora\/wp-json\/wp\/v2\/posts"}],"about":[{"href":"https:\/\/blogs.correiobraziliense.com.br\/trilhasonora\/wp-json\/wp\/v2\/types\/post"}],"author":[{"embeddable":true,"href":"https:\/\/blogs.correiobraziliense.com.br\/trilhasonora\/wp-json\/wp\/v2\/users\/84"}],"replies":[{"embeddable":true,"href":"https:\/\/blogs.correiobraziliense.com.br\/trilhasonora\/wp-json\/wp\/v2\/comments?post=1823"}],"version-history":[{"count":1,"href":"https:\/\/blogs.correiobraziliense.com.br\/trilhasonora\/wp-json\/wp\/v2\/posts\/1823\/revisions"}],"predecessor-version":[{"id":1825,"href":"https:\/\/blogs.correiobraziliense.com.br\/trilhasonora\/wp-json\/wp\/v2\/posts\/1823\/revisions\/1825"}],"wp:featuredmedia":[{"embeddable":true,"href":"https:\/\/blogs.correiobraziliense.com.br\/trilhasonora\/wp-json\/wp\/v2\/media\/1824"}],"wp:attachment":[{"href":"https:\/\/blogs.correiobraziliense.com.br\/trilhasonora\/wp-json\/wp\/v2\/media?parent=1823"}],"wp:term":[{"taxonomy":"category","embeddable":true,"href":"https:\/\/blogs.correiobraziliense.com.br\/trilhasonora\/wp-json\/wp\/v2\/categories?post=1823"},{"taxonomy":"post_tag","embeddable":true,"href":"https:\/\/blogs.correiobraziliense.com.br\/trilhasonora\/wp-json\/wp\/v2\/tags?post=1823"}],"curies":[{"name":"wp","href":"https:\/\/api.w.org\/{rel}","templated":true}]}}