{"id":1810,"date":"2021-06-27T11:15:53","date_gmt":"2021-06-27T14:15:53","guid":{"rendered":"https:\/\/blogs.correiobraziliense.com.br\/trilhasonora\/?p=1810"},"modified":"2021-06-27T11:21:15","modified_gmt":"2021-06-27T14:21:15","slug":"grupo-choro-livre-e-a-atracao-do-domingo-no-clube","status":"publish","type":"post","link":"https:\/\/blogs.correiobraziliense.com.br\/trilhasonora\/grupo-choro-livre-e-a-atracao-do-domingo-no-clube\/","title":{"rendered":"Grupo Choro Livre \u00e9 a atra\u00e7\u00e3o do Domingo no Clube"},"content":{"rendered":"<h3>A programa\u00e7\u00e3o na \u00e1rea externa do Clube do Choro, no Eixo Monumental, come\u00e7a \u00e0s 16h<\/h3>\n<p dir=\"ltr\">O projeto Domingo no Clube, projeto que, a quatro finais de semana, vem ocupando a \u00e1rea externa do Espa\u00e7o Cultural do Choro, no Eixo Monumental, volta a ocorrer hoje, a partir das 16h. A atra\u00e7\u00e3o desta edi\u00e7\u00e3o \u00e9 a roda de choro comandada pelo grupo Choro Livre, liderado por Reco do Bandolim e formado por Henrique Neto (viol\u00e3o 7 cordas), George Costa (viol\u00e3o 6 cordas), M\u00e1rcio Marinho (cavaquinho) e Val\u00e9rio Xavier (pandeiro). Cl\u00e1ssicos da obra de Ernesto Nazareth, Pixinguinha, Jacob do Bandolim, Waldir Azevedo, Paulinho da Viola e Ary Barroso, al\u00e9m de composi\u00e7\u00f5es de integrantes do conjunto poder\u00e3o ser apreciadas pelo p\u00fablico.<\/p>\n<p dir=\"ltr\">Criado em 1980, o Choro Livre que tem os tradicionais conjuntos regionais do g\u00eanero &#8212; entre eles o legend\u00e1rio \u00c9poca de Ouro, criado por Jacob do Bandolim &#8212; como refer\u00eancia. Com tr\u00eas discos lan\u00e7ados, o grupo tem levado a excel\u00eancia do trabalho que realiza a outras capitais brasileiras e a pa\u00edses da Am\u00e9rica do Sul, Am\u00e9rica do Norte, Europa, \u00c1frica, \u00c1sia e Emirados \u00c1rabes. De forma\u00e7\u00f5es anteriores fizeram parte os saudosos Alencar 7 Cordas, Dr. Six, Kunka, al\u00e9m de Jos\u00e9 Am\u00e9rico, Fernando C\u00e9sar, Augusto, Pinheirinho, Tonho e Rafael dos Anjos, que atualmente integra a banda do cantor Diogo Nogueira.<\/p>\n<p dir=\"ltr\">No domingo no Clube a m\u00fasica \u00e9 regada por comida, petiscos e bebidas servidos com atendimento do Qezzo Bistr\u00f4, que proporciona o conv\u00edvio entre os espectadores. Durante o evento todos os aspectos de seguran\u00e7a contra a pandemia da covid-19 s\u00e3o seguidos, como uso de m\u00e1scara e \u00e1lcool em gel, medi\u00e7\u00e3o da temperatura na entrada e distanciamento entre mesas. O couvert art\u00edstico \u00e9 de R$ 15 e a reserva de mesa pode ser feito pelo telefone: 99956-7369.<\/p>\n<p><iframe loading=\"lazy\" title=\"Aquarela do Brasil (por Reco do Bandolim e Grupo Choro Livre)\" width=\"1440\" height=\"810\" src=\"https:\/\/www.youtube.com\/embed\/FRYl8wwMX8U?feature=oembed\" frameborder=\"0\" allow=\"accelerometer; autoplay; clipboard-write; encrypted-media; gyroscope; picture-in-picture; web-share\" referrerpolicy=\"strict-origin-when-cross-origin\" allowfullscreen><\/iframe><\/p>\n","protected":false},"excerpt":{"rendered":"<p>A programa\u00e7\u00e3o na \u00e1rea externa do Clube do Choro, no Eixo Monumental, come\u00e7a \u00e0s 16h<\/p>\n","protected":false},"author":84,"featured_media":1812,"comment_status":"open","ping_status":"open","sticky":false,"template":"","format":"standard","meta":{"footnotes":""},"categories":[2,1],"tags":[243,85],"class_list":["post-1810","post","type-post","status-publish","format-standard","has-post-thumbnail","hentry","category-musica","category-sem-categoria","tag-choro-livre","tag-clube-do-choro"],"_links":{"self":[{"href":"https:\/\/blogs.correiobraziliense.com.br\/trilhasonora\/wp-json\/wp\/v2\/posts\/1810","targetHints":{"allow":["GET"]}}],"collection":[{"href":"https:\/\/blogs.correiobraziliense.com.br\/trilhasonora\/wp-json\/wp\/v2\/posts"}],"about":[{"href":"https:\/\/blogs.correiobraziliense.com.br\/trilhasonora\/wp-json\/wp\/v2\/types\/post"}],"author":[{"embeddable":true,"href":"https:\/\/blogs.correiobraziliense.com.br\/trilhasonora\/wp-json\/wp\/v2\/users\/84"}],"replies":[{"embeddable":true,"href":"https:\/\/blogs.correiobraziliense.com.br\/trilhasonora\/wp-json\/wp\/v2\/comments?post=1810"}],"version-history":[{"count":7,"href":"https:\/\/blogs.correiobraziliense.com.br\/trilhasonora\/wp-json\/wp\/v2\/posts\/1810\/revisions"}],"predecessor-version":[{"id":1818,"href":"https:\/\/blogs.correiobraziliense.com.br\/trilhasonora\/wp-json\/wp\/v2\/posts\/1810\/revisions\/1818"}],"wp:featuredmedia":[{"embeddable":true,"href":"https:\/\/blogs.correiobraziliense.com.br\/trilhasonora\/wp-json\/wp\/v2\/media\/1812"}],"wp:attachment":[{"href":"https:\/\/blogs.correiobraziliense.com.br\/trilhasonora\/wp-json\/wp\/v2\/media?parent=1810"}],"wp:term":[{"taxonomy":"category","embeddable":true,"href":"https:\/\/blogs.correiobraziliense.com.br\/trilhasonora\/wp-json\/wp\/v2\/categories?post=1810"},{"taxonomy":"post_tag","embeddable":true,"href":"https:\/\/blogs.correiobraziliense.com.br\/trilhasonora\/wp-json\/wp\/v2\/tags?post=1810"}],"curies":[{"name":"wp","href":"https:\/\/api.w.org\/{rel}","templated":true}]}}