{"id":1797,"date":"2021-06-16T17:02:09","date_gmt":"2021-06-16T20:02:09","guid":{"rendered":"https:\/\/blogs.correiobraziliense.com.br\/trilhasonora\/?p=1797"},"modified":"2021-06-16T17:02:09","modified_gmt":"2021-06-16T20:02:09","slug":"sambista-kaoka-ovidio-comemora-50-anos-de-carreira-em-disco","status":"publish","type":"post","link":"https:\/\/blogs.correiobraziliense.com.br\/trilhasonora\/sambista-kaoka-ovidio-comemora-50-anos-de-carreira-em-disco\/","title":{"rendered":"Sambista Kaoka Ov\u00eddio comemora 50 anos de carreira em disco"},"content":{"rendered":"<div class=\"wrapper\">\n<div class=\"materia-title\">\n<h3>Primeiro disco do sambista de Bras\u00edlia tem 14 faixas assinadas por Ov\u00eddio em parceria com outros m\u00fasicos<\/h3>\n<\/div>\n<\/div>\n<div class=\"pub-hor\">\n<p class=\"texto\">Um dos sambistas com mais tempo de atividade em Bras\u00edlia, Kaoka Ov\u00eddio est\u00e1 lan\u00e7ando o primeiro disco, comemorando 50 anos de carreira. Gravado entre mar\u00e7o e dezembro de 2020, no Rio de Janeiro, cidade onde nasceu, o CD teve produ\u00e7\u00e3o do radialista Adelson Alves, com a participa\u00e7\u00e3o de m\u00fasicos cariocas, em especial a de Renato da Rocinha. \u201cPara mim, \u00e9 uma realiza\u00e7\u00e3o poder chegar ao p\u00fablico com um trabalho totalmente autoral, em que tenho como parceiros compositores que fazem parte da hist\u00f3ria do samba\u201d, comemora o cantor.<\/p>\n<div id=\"cb-publicidade-retangulo-interna\" class=\"pub-ret\">\n<p class=\"texto\">Intitulado\u00a0<em>Sambista brasileiro<\/em>, o \u00e1lbum traz 14 faixas e re\u00fane m\u00fasicas que Kaoka comp\u00f4s com parceiros, como Alu\u00edsio Machado (<em>Luz do improviso<\/em>), Almir Guineto e Ivan Mendon\u00e7a (<em>Meu pai oxal\u00e1<\/em>), Rui S\u00f3 (<em>Que saudade Juvelina<\/em>), Beto Sem Bra\u00e7o e Renato Rena (<em>Negra padroeira<\/em>\u00a0e\u00a0<em>Long\u00ednquo \u00e9<\/em>). Respons\u00e1vel pela coordena\u00e7\u00e3o geral do projeto, Adevanir Fumero \u00e9 coautor da faixa t\u00edtulo, que abre o repert\u00f3rio.<\/p>\n<p class=\"texto\">Kaoka iniciou a carreira art\u00edstica no Rio, como autor de sambas-enredo para escolas de samba como Renascer de Jacarepagu\u00e1, Acad\u00eamicos da Cidade de Deus, Acad\u00eamicos de Engenho da Rainha, Independentes de Clodovil e Unidos de Jacarezinho; e de marchinhas para os blocos Segura se puder, Bafo de Bode e Balan\u00e7a Roseira. \u201cEu me orgulho de ter sido o primeiro int\u00e9rprete a puxar um samba na inaugura\u00e7\u00e3o da Marqu\u00eas de Sapuca\u00ed, pela Imp\u00e9rio de Marnag\u00e1\u201d.<\/p>\n<p class=\"texto\">Em Bras\u00edlia desde 1985, o sambista teve passagem vitoriosa pela Unidos do Cruzeiro (Aruc), agremia\u00e7\u00e3o na qual venceu v\u00e1rios concursos de samba-enredo. Por um deles, 25 Anos de Samba, Esporte e Cultura, conquistou o trof\u00e9u Candango de Ouro. \u201cNa quadra da Aruc, abri shows de Jovelina P\u00e9rola Negra, Neguinho da Beija-Flor, Almir Guineto, Wilson das Neves e Dominguinhos do Est\u00e1cio\u201d, lembra. Ele tamb\u00e9m j\u00e1 fez marchinha para o tradicional bloco Pacot\u00e3o e foi vocalista do grupo Papel March\u00ea.<\/p>\n<p class=\"texto\">\n<em><strong>Sambista brasileiro \u2014\u00a0<\/strong><\/em>CD de Kaoka Ov\u00eddio, de produ\u00e7\u00e3o independente, com 14 faixas.<\/p>\n<\/div>\n<\/div>\n","protected":false},"excerpt":{"rendered":"<p>Primeiro disco do sambista de Bras\u00edlia tem 14 faixas assinadas por Ov\u00eddio em parceria com outros m\u00fasicos<\/p>\n","protected":false},"author":84,"featured_media":1798,"comment_status":"open","ping_status":"open","sticky":false,"template":"","format":"standard","meta":{"footnotes":""},"categories":[113],"tags":[240,36,220],"class_list":["post-1797","post","type-post","status-publish","format-standard","has-post-thumbnail","hentry","category-materia","tag-kaoka-ovidio","tag-musica","tag-samba"],"_links":{"self":[{"href":"https:\/\/blogs.correiobraziliense.com.br\/trilhasonora\/wp-json\/wp\/v2\/posts\/1797","targetHints":{"allow":["GET"]}}],"collection":[{"href":"https:\/\/blogs.correiobraziliense.com.br\/trilhasonora\/wp-json\/wp\/v2\/posts"}],"about":[{"href":"https:\/\/blogs.correiobraziliense.com.br\/trilhasonora\/wp-json\/wp\/v2\/types\/post"}],"author":[{"embeddable":true,"href":"https:\/\/blogs.correiobraziliense.com.br\/trilhasonora\/wp-json\/wp\/v2\/users\/84"}],"replies":[{"embeddable":true,"href":"https:\/\/blogs.correiobraziliense.com.br\/trilhasonora\/wp-json\/wp\/v2\/comments?post=1797"}],"version-history":[{"count":1,"href":"https:\/\/blogs.correiobraziliense.com.br\/trilhasonora\/wp-json\/wp\/v2\/posts\/1797\/revisions"}],"predecessor-version":[{"id":1799,"href":"https:\/\/blogs.correiobraziliense.com.br\/trilhasonora\/wp-json\/wp\/v2\/posts\/1797\/revisions\/1799"}],"wp:featuredmedia":[{"embeddable":true,"href":"https:\/\/blogs.correiobraziliense.com.br\/trilhasonora\/wp-json\/wp\/v2\/media\/1798"}],"wp:attachment":[{"href":"https:\/\/blogs.correiobraziliense.com.br\/trilhasonora\/wp-json\/wp\/v2\/media?parent=1797"}],"wp:term":[{"taxonomy":"category","embeddable":true,"href":"https:\/\/blogs.correiobraziliense.com.br\/trilhasonora\/wp-json\/wp\/v2\/categories?post=1797"},{"taxonomy":"post_tag","embeddable":true,"href":"https:\/\/blogs.correiobraziliense.com.br\/trilhasonora\/wp-json\/wp\/v2\/tags?post=1797"}],"curies":[{"name":"wp","href":"https:\/\/api.w.org\/{rel}","templated":true}]}}