{"id":1760,"date":"2021-05-21T19:50:15","date_gmt":"2021-05-21T22:50:15","guid":{"rendered":"https:\/\/blogs.correiobraziliense.com.br\/trilhasonora\/?p=1760"},"modified":"2021-05-22T10:49:26","modified_gmt":"2021-05-22T13:49:26","slug":"ana-lelia-lanca-single-meu-cantinho","status":"publish","type":"post","link":"https:\/\/blogs.correiobraziliense.com.br\/trilhasonora\/ana-lelia-lanca-single-meu-cantinho\/","title":{"rendered":"Ana L\u00e9lia lan\u00e7a single &#8216;Meu cantinho&#8217;"},"content":{"rendered":"<h3>A can\u00e7\u00e3o faz parte do projeto <em>Menina Flor<\/em> que ter\u00e1 faixas disponibilizadas mensalmente nas plataformas digitais<\/h3>\n<p><em>Meu cantinho<\/em> \u00e9 o nome do single que a cantora e compositora Ana L\u00e9lia lan\u00e7ar\u00e1 no dia 28 pr\u00f3ximo nas plataformas digitais. A can\u00e7\u00e3o faz parte de um projeto maior, intitulado<em> Menina Flor<\/em> &#8212; um \u00e1lbum em que as outras faixas ser\u00e3o lan\u00e7adas mensalmente, no qual a artista utiliza elementos do samba, bossa e jazz contempor\u00e2neo. Na grava\u00e7\u00e3o, ela foi acompanhada pelo trompetista Theo Croker.<\/p>\n<p>Com esse trabalho, Ana L\u00e9lia d\u00e1 prosseguimento ao trabalho, iniciado em 1998 e retomado h\u00e1 dois anos, quando retomou a carreira, ao lan\u00e7ar <em>Baby don&#8217;t cry<\/em> (parceria com Jhonatas Pingo), que foi ouvida na trilha sonora de <em>Malha\u00e7\u00e3o &#8211; Toda forma de amar<\/em>, que esteve no ar h\u00e1 dois anos. Em outubro \u00faltimo, a cantora lan\u00e7ou <em>Flay way<\/em>, composta com o m\u00fasico de R&amp;B Peter Collins, que fala de resili\u00eancia &#8211; capacidade da pessoa de lidar com problemas, adaptar-se a mudan\u00e7as e superar obst\u00e1culos &#8212; algo t\u00e3o presente nos tempos de agora.<\/p>\n<p>Trompetista, compositor e cantor norte-americano, Theo Croker formou-se no Conservat\u00f3rio de Ohio (EUA), em 2006, sob a orienta\u00e7\u00e3o do mestre Donald Byrd. Logo depois, \u00e0 convite, radicou-se em Shangai, onde cumpriu longas temporadas em bares e boates. Jazzista por forma\u00e7\u00e3o, no per\u00edodo que passou na metr\u00f3pole chinesa, incorporou elementos do rock, blues e funk ao seu trabalho.<\/p>\n<p><iframe loading=\"lazy\" title=\"Making Of:  Meu Cantinho\" width=\"1440\" height=\"810\" src=\"https:\/\/www.youtube.com\/embed\/I167xf8yXFo?feature=oembed\" frameborder=\"0\" allow=\"accelerometer; autoplay; clipboard-write; encrypted-media; gyroscope; picture-in-picture; web-share\" referrerpolicy=\"strict-origin-when-cross-origin\" allowfullscreen><\/iframe><\/p>\n","protected":false},"excerpt":{"rendered":"<p>A can\u00e7\u00e3o faz parte do projeto Menina Flor que ter\u00e1 faixas disponibilizadas mensalmente nas plataformas digitais<\/p>\n","protected":false},"author":84,"featured_media":1762,"comment_status":"open","ping_status":"open","sticky":false,"template":"","format":"standard","meta":{"footnotes":""},"categories":[2],"tags":[226,114,227,54,36,220],"class_list":["post-1760","post","type-post","status-publish","format-standard","has-post-thumbnail","hentry","category-musica","tag-ana-lelia","tag-bossa-nova","tag-jazz","tag-lancamento","tag-musica","tag-samba"],"_links":{"self":[{"href":"https:\/\/blogs.correiobraziliense.com.br\/trilhasonora\/wp-json\/wp\/v2\/posts\/1760","targetHints":{"allow":["GET"]}}],"collection":[{"href":"https:\/\/blogs.correiobraziliense.com.br\/trilhasonora\/wp-json\/wp\/v2\/posts"}],"about":[{"href":"https:\/\/blogs.correiobraziliense.com.br\/trilhasonora\/wp-json\/wp\/v2\/types\/post"}],"author":[{"embeddable":true,"href":"https:\/\/blogs.correiobraziliense.com.br\/trilhasonora\/wp-json\/wp\/v2\/users\/84"}],"replies":[{"embeddable":true,"href":"https:\/\/blogs.correiobraziliense.com.br\/trilhasonora\/wp-json\/wp\/v2\/comments?post=1760"}],"version-history":[{"count":3,"href":"https:\/\/blogs.correiobraziliense.com.br\/trilhasonora\/wp-json\/wp\/v2\/posts\/1760\/revisions"}],"predecessor-version":[{"id":1763,"href":"https:\/\/blogs.correiobraziliense.com.br\/trilhasonora\/wp-json\/wp\/v2\/posts\/1760\/revisions\/1763"}],"wp:featuredmedia":[{"embeddable":true,"href":"https:\/\/blogs.correiobraziliense.com.br\/trilhasonora\/wp-json\/wp\/v2\/media\/1762"}],"wp:attachment":[{"href":"https:\/\/blogs.correiobraziliense.com.br\/trilhasonora\/wp-json\/wp\/v2\/media?parent=1760"}],"wp:term":[{"taxonomy":"category","embeddable":true,"href":"https:\/\/blogs.correiobraziliense.com.br\/trilhasonora\/wp-json\/wp\/v2\/categories?post=1760"},{"taxonomy":"post_tag","embeddable":true,"href":"https:\/\/blogs.correiobraziliense.com.br\/trilhasonora\/wp-json\/wp\/v2\/tags?post=1760"}],"curies":[{"name":"wp","href":"https:\/\/api.w.org\/{rel}","templated":true}]}}