{"id":1755,"date":"2021-05-16T11:31:20","date_gmt":"2021-05-16T14:31:20","guid":{"rendered":"https:\/\/blogs.correiobraziliense.com.br\/trilhasonora\/?p=1755"},"modified":"2021-05-16T11:31:20","modified_gmt":"2021-05-16T14:31:20","slug":"gustavo-bertoni-e-giovanna-moraes-juntos-em-projeto","status":"publish","type":"post","link":"https:\/\/blogs.correiobraziliense.com.br\/trilhasonora\/gustavo-bertoni-e-giovanna-moraes-juntos-em-projeto\/","title":{"rendered":"Gustavo Bertoni e Giovanna Moraes juntos em projeto"},"content":{"rendered":"<h3>O vocalista do Scalene e a cantora lan\u00e7am clipe da can\u00e7\u00e3o <em>Como queria te deixar entrar<\/em><\/h3>\n<p>Vocalista, guitarrista e principal compositor da banda Scalene, Gustavo Bertoni busca diversificar sua atividade art\u00edstica. Depois de lan\u00e7ar tr\u00eas discos solo &#8212; o mais recente \u00e9 o <em>The fine line beetween Loneliness and solitude<\/em>, de 2020 &#8211;, ele agora est\u00e1 se dedicando a um novo projeto, em parceria com a cantora Giovanna Moraes. Os dois acabam de chegar \u00e0s plataformas digitais com o videoclipe da can\u00e7\u00e3o <em>Como queria te deixar entrar<\/em>.\u00a0O lan\u00e7amento sai via slap, selo da Som Livre.<\/p>\n<p>Feito no per\u00edodo da quarentena, o clipe foi filmado na casa de Giovanna, com dire\u00e7\u00e3o dela, Bertoni e Breno Galtier, que tamb\u00e9m assina a fotografia. &#8220;Foi um trabalho de equipe. Eu trouxe algumas ideias visuais, mas o clipe foi desenvolvido a seis m\u00e3os. Alguns dias antes da grava\u00e7\u00e3o, tive um sonho que acabou inspirando a cria\u00e7\u00e3o&#8221;, explica Giovanna sobre o processo de cria\u00e7\u00e3o do v\u00eddeo.<\/p>\n<p>&#8220;Ficou espont\u00e2neo. A dire\u00e7\u00e3o da Gio foi bem natural e conseguimos fazer tudo de modo simples. O Breno entrou para dar aquela pincelada final, afinando tudo dentro de um padr\u00e3o est\u00e9tico que a gente vem trabalhando h\u00e1 algum tempo. Eu gosto quando essas parcerias art\u00edsticos olham com aten\u00e7\u00e3o, tanto com a criatividade para inventar outros olhares; quanto o pragmatismo em compreender essas novas cria\u00e7\u00f5es tamb\u00e9m dentro de um padr\u00e3o espec\u00edfico&#8221;, destaca Bertoni. Ele acrescenta: &#8220;Com a Gio e o Breno isso foi f\u00e1cil de fazer&#8221;.<\/p>\n<p><iframe loading=\"lazy\" title=\"Gustavo Bertoni - Como Queria Te Deixar Entrar (Clipe Oficial)\" width=\"1440\" height=\"810\" src=\"https:\/\/www.youtube.com\/embed\/iYqpiPf0RFA?feature=oembed\" frameborder=\"0\" allow=\"accelerometer; autoplay; clipboard-write; encrypted-media; gyroscope; picture-in-picture; web-share\" referrerpolicy=\"strict-origin-when-cross-origin\" allowfullscreen><\/iframe><\/p>\n","protected":false},"excerpt":{"rendered":"<p>O vocalista do Scalene e a cantora lan\u00e7am clipe da can\u00e7\u00e3o Como queria te deixar entrar<\/p>\n","protected":false},"author":84,"featured_media":1756,"comment_status":"open","ping_status":"open","sticky":false,"template":"","format":"standard","meta":{"footnotes":""},"categories":[2],"tags":[224,54,36,225,223],"class_list":["post-1755","post","type-post","status-publish","format-standard","has-post-thumbnail","hentry","category-musica","tag-gustavo-bertoni","tag-lancamento","tag-musica","tag-scalene","tag-videoclipe"],"_links":{"self":[{"href":"https:\/\/blogs.correiobraziliense.com.br\/trilhasonora\/wp-json\/wp\/v2\/posts\/1755","targetHints":{"allow":["GET"]}}],"collection":[{"href":"https:\/\/blogs.correiobraziliense.com.br\/trilhasonora\/wp-json\/wp\/v2\/posts"}],"about":[{"href":"https:\/\/blogs.correiobraziliense.com.br\/trilhasonora\/wp-json\/wp\/v2\/types\/post"}],"author":[{"embeddable":true,"href":"https:\/\/blogs.correiobraziliense.com.br\/trilhasonora\/wp-json\/wp\/v2\/users\/84"}],"replies":[{"embeddable":true,"href":"https:\/\/blogs.correiobraziliense.com.br\/trilhasonora\/wp-json\/wp\/v2\/comments?post=1755"}],"version-history":[{"count":1,"href":"https:\/\/blogs.correiobraziliense.com.br\/trilhasonora\/wp-json\/wp\/v2\/posts\/1755\/revisions"}],"predecessor-version":[{"id":1757,"href":"https:\/\/blogs.correiobraziliense.com.br\/trilhasonora\/wp-json\/wp\/v2\/posts\/1755\/revisions\/1757"}],"wp:featuredmedia":[{"embeddable":true,"href":"https:\/\/blogs.correiobraziliense.com.br\/trilhasonora\/wp-json\/wp\/v2\/media\/1756"}],"wp:attachment":[{"href":"https:\/\/blogs.correiobraziliense.com.br\/trilhasonora\/wp-json\/wp\/v2\/media?parent=1755"}],"wp:term":[{"taxonomy":"category","embeddable":true,"href":"https:\/\/blogs.correiobraziliense.com.br\/trilhasonora\/wp-json\/wp\/v2\/categories?post=1755"},{"taxonomy":"post_tag","embeddable":true,"href":"https:\/\/blogs.correiobraziliense.com.br\/trilhasonora\/wp-json\/wp\/v2\/tags?post=1755"}],"curies":[{"name":"wp","href":"https:\/\/api.w.org\/{rel}","templated":true}]}}