{"id":1751,"date":"2021-05-13T19:14:02","date_gmt":"2021-05-13T22:14:02","guid":{"rendered":"https:\/\/blogs.correiobraziliense.com.br\/trilhasonora\/?p=1751"},"modified":"2021-05-13T19:16:13","modified_gmt":"2021-05-13T22:16:13","slug":"carlos-lyra-celebra-88-anos-com-show-on-line","status":"publish","type":"post","link":"https:\/\/blogs.correiobraziliense.com.br\/trilhasonora\/carlos-lyra-celebra-88-anos-com-show-on-line\/","title":{"rendered":"Carlos Lyra celebra 88 anos com show on-line"},"content":{"rendered":"<h3>Cantor e compositor carioca, \u00edcone da Bossa Nova, recebe homenagem de astros e estrelas da MPB<\/h3>\n<p>Nome ic\u00f4nico da Bossa Nova, o cantor, compositor, pianista e violonista Carlos Lyra celebra 88 anos com um show on-line hoje, \u00e0s 21h. Durante a apresenta\u00e7\u00e3o, ele recebe homenagem de astros e estrelas da MPB, entre os quais companheiros do movimento como Roberto Menescal, Marcos Valle, Wanda S\u00e1; o pr\u00e9-bossanovista Jo\u00e3o Donato; os tropicalistas Caetano Veloso e Gilberto Gil, e tamb\u00e9m Ivan Lins, Toquinho, M\u00f4nica Salmaso, Z\u00e9lia Duncan, Leila Pinheiro e Roberta S\u00e1. Ao final, Maria Beth\u00e2nia faz uma sauda\u00e7\u00e3o ao homenageado.<\/p>\n<p>Do repert\u00f3rio fazem parte cl\u00e1ssicos da obra de Lyra, can\u00e7\u00f5es que se tornaram sucessos, entre as quais<em> Coisa mais linda<\/em>, <em>Influ\u00eancia do jazz<\/em>, <em>Lobo bobo<\/em>, <em>Minha namorada<\/em>, <em>Primavera<\/em>, <em>Pobre menina rica<\/em> e <em>Voc\u00ea e eu<\/em>. Na maioria delas, ele teve como parceiro ningu\u00e9m menos que o poeta Vinicius de Moraes &#8212; um dos pilares da Bossa Nova.<\/p>\n<p><iframe loading=\"lazy\" title=\"Coisa Mais Linda\" width=\"1333\" height=\"1000\" src=\"https:\/\/www.youtube.com\/embed\/SHwqYgp6mLo?feature=oembed\" frameborder=\"0\" allow=\"accelerometer; autoplay; clipboard-write; encrypted-media; gyroscope; picture-in-picture; web-share\" referrerpolicy=\"strict-origin-when-cross-origin\" allowfullscreen><\/iframe><\/p>\n<p>A live pode ser assistida pelo canal Blue Note no YouTube. Ingresso solid\u00e1rio, a partir de R$ 30, pode ser adquirido pelo <a href=\"https:\/\/www.sympla.com.br\/\">Sympla<\/a>. A contribui\u00e7\u00e3o tem como destinat\u00e1rio o projeto Vis\u00e3o Esperan\u00e7a do Instituto 3C, que atende a crian\u00e7as carentes, institui\u00e7\u00e3o que tem Carlos Lyra como padrinho.<\/p>\n<p><iframe loading=\"lazy\" title=\"Carlos Lyra - Minha Namorada\" width=\"1440\" height=\"810\" src=\"https:\/\/www.youtube.com\/embed\/anh8gLm8hR0?feature=oembed\" frameborder=\"0\" allow=\"accelerometer; autoplay; clipboard-write; encrypted-media; gyroscope; picture-in-picture; web-share\" referrerpolicy=\"strict-origin-when-cross-origin\" allowfullscreen><\/iframe><\/p>\n","protected":false},"excerpt":{"rendered":"<p>Cantor e compositor carioca, \u00edcone da Bossa Nova, recebe homenagem de astros e estrelas da MPB<\/p>\n","protected":false},"author":84,"featured_media":1752,"comment_status":"open","ping_status":"open","sticky":false,"template":"","format":"standard","meta":{"footnotes":""},"categories":[2],"tags":[222,114,132,215,36,21],"class_list":["post-1751","post","type-post","status-publish","format-standard","has-post-thumbnail","hentry","category-musica","tag-aniversario","tag-bossa-nova","tag-carlos-lyra","tag-mpb","tag-musica","tag-show"],"_links":{"self":[{"href":"https:\/\/blogs.correiobraziliense.com.br\/trilhasonora\/wp-json\/wp\/v2\/posts\/1751","targetHints":{"allow":["GET"]}}],"collection":[{"href":"https:\/\/blogs.correiobraziliense.com.br\/trilhasonora\/wp-json\/wp\/v2\/posts"}],"about":[{"href":"https:\/\/blogs.correiobraziliense.com.br\/trilhasonora\/wp-json\/wp\/v2\/types\/post"}],"author":[{"embeddable":true,"href":"https:\/\/blogs.correiobraziliense.com.br\/trilhasonora\/wp-json\/wp\/v2\/users\/84"}],"replies":[{"embeddable":true,"href":"https:\/\/blogs.correiobraziliense.com.br\/trilhasonora\/wp-json\/wp\/v2\/comments?post=1751"}],"version-history":[{"count":1,"href":"https:\/\/blogs.correiobraziliense.com.br\/trilhasonora\/wp-json\/wp\/v2\/posts\/1751\/revisions"}],"predecessor-version":[{"id":1753,"href":"https:\/\/blogs.correiobraziliense.com.br\/trilhasonora\/wp-json\/wp\/v2\/posts\/1751\/revisions\/1753"}],"wp:featuredmedia":[{"embeddable":true,"href":"https:\/\/blogs.correiobraziliense.com.br\/trilhasonora\/wp-json\/wp\/v2\/media\/1752"}],"wp:attachment":[{"href":"https:\/\/blogs.correiobraziliense.com.br\/trilhasonora\/wp-json\/wp\/v2\/media?parent=1751"}],"wp:term":[{"taxonomy":"category","embeddable":true,"href":"https:\/\/blogs.correiobraziliense.com.br\/trilhasonora\/wp-json\/wp\/v2\/categories?post=1751"},{"taxonomy":"post_tag","embeddable":true,"href":"https:\/\/blogs.correiobraziliense.com.br\/trilhasonora\/wp-json\/wp\/v2\/tags?post=1751"}],"curies":[{"name":"wp","href":"https:\/\/api.w.org\/{rel}","templated":true}]}}