{"id":1743,"date":"2021-05-05T19:41:18","date_gmt":"2021-05-05T22:41:18","guid":{"rendered":"https:\/\/blogs.correiobraziliense.com.br\/trilhasonora\/?p=1743"},"modified":"2021-05-05T19:41:18","modified_gmt":"2021-05-05T22:41:18","slug":"conexao-entre-a-legiao-urbana-e-o-menudos","status":"publish","type":"post","link":"https:\/\/blogs.correiobraziliense.com.br\/trilhasonora\/conexao-entre-a-legiao-urbana-e-o-menudos\/","title":{"rendered":"Conex\u00e3o entre a Legi\u00e3o Urbana e o Menudos"},"content":{"rendered":"<h3>A banda brasiliense gravou can\u00e7\u00e3o do grupo porto-riquenho e Rick Martin incluiu m\u00fasica dos legion\u00e1rios em CD e DVD<\/h3>\n<p>Ray Reyes, ex-integrante do Menudos, que morreu sexta-feira \u00faltima (dia 30 de abril), esteve com o grupo em Bras\u00edlia para show no antigo est\u00e1dio Man\u00e9 Garrincha, em outubro de 1985. Ao participar de uma coletiva de imprensa, num hotel do Setor Hoteleiro Norte, me surpreendi com a presen\u00e7a, entre os entrevistadores, de Renato Russo, que era f\u00e3 da boy band. \u00c0 \u00e9poca, a Legi\u00e3o Urbana j\u00e1 fazia sucesso ap\u00f3s ter lan\u00e7ado o LP de estreia.<\/p>\n<p>Na grava\u00e7\u00e3o do Ac\u00fastico MTV, em 1992, chamou a aten\u00e7\u00e3o dos companheiros de banda e dos t\u00e9cnicos a interpreta\u00e7\u00e3o solo de Renato para <em>Hoje a noite n\u00e3o tem luar<\/em>, vers\u00e3o em portugu\u00eas de <em>Hoy me voy para Mexico<\/em>, faixa do <em>Refrescante<\/em>, disco do Menudos de 1986. A can\u00e7\u00e3o se tornou um hit instant\u00e2neo do CD e DVD que s\u00f3 vieram a ser lan\u00e7ados em 1999 &#8212; tr\u00eas anos ap\u00f3s a morte do vocalista, compositor, poeta e l\u00edder da Legi\u00e3o.<\/p>\n<p>Em 2006, Rick Martin incluiu no CD e DVD solo <em>Gracias por pensar en mi<\/em>, vers\u00e3o em espanhol de<em> Via l\u00e1ctea<\/em>, de Renato Russo, Dado Villa-Lobos e Marcelo Bonf\u00e1, m\u00fasica do \u00e1lbum <em>A Tempestade<\/em>, em que a letra tinha a aids como tema.<\/p>\n<p><iframe loading=\"lazy\" title=\"Hoje A Noite Tem Luar (Hoy Me Voy Para Mexico)\" width=\"1333\" height=\"1000\" src=\"https:\/\/www.youtube.com\/embed\/PY9DByFVjAg?feature=oembed\" frameborder=\"0\" allow=\"accelerometer; autoplay; clipboard-write; encrypted-media; gyroscope; picture-in-picture; web-share\" referrerpolicy=\"strict-origin-when-cross-origin\" allowfullscreen><\/iframe><\/p>\n","protected":false},"excerpt":{"rendered":"<p>A banda brasiliense gravou can\u00e7\u00e3o do grupo porto-riquenho e Rick Martin incluiu m\u00fasica dos legion\u00e1rios em CD e DVD<\/p>\n","protected":false},"author":84,"featured_media":1744,"comment_status":"open","ping_status":"open","sticky":false,"template":"","format":"standard","meta":{"footnotes":""},"categories":[2],"tags":[20,219,36,218],"class_list":["post-1743","post","type-post","status-publish","format-standard","has-post-thumbnail","hentry","category-musica","tag-legiao-urbana","tag-menudos","tag-musica","tag-renato-russo"],"_links":{"self":[{"href":"https:\/\/blogs.correiobraziliense.com.br\/trilhasonora\/wp-json\/wp\/v2\/posts\/1743","targetHints":{"allow":["GET"]}}],"collection":[{"href":"https:\/\/blogs.correiobraziliense.com.br\/trilhasonora\/wp-json\/wp\/v2\/posts"}],"about":[{"href":"https:\/\/blogs.correiobraziliense.com.br\/trilhasonora\/wp-json\/wp\/v2\/types\/post"}],"author":[{"embeddable":true,"href":"https:\/\/blogs.correiobraziliense.com.br\/trilhasonora\/wp-json\/wp\/v2\/users\/84"}],"replies":[{"embeddable":true,"href":"https:\/\/blogs.correiobraziliense.com.br\/trilhasonora\/wp-json\/wp\/v2\/comments?post=1743"}],"version-history":[{"count":1,"href":"https:\/\/blogs.correiobraziliense.com.br\/trilhasonora\/wp-json\/wp\/v2\/posts\/1743\/revisions"}],"predecessor-version":[{"id":1745,"href":"https:\/\/blogs.correiobraziliense.com.br\/trilhasonora\/wp-json\/wp\/v2\/posts\/1743\/revisions\/1745"}],"wp:featuredmedia":[{"embeddable":true,"href":"https:\/\/blogs.correiobraziliense.com.br\/trilhasonora\/wp-json\/wp\/v2\/media\/1744"}],"wp:attachment":[{"href":"https:\/\/blogs.correiobraziliense.com.br\/trilhasonora\/wp-json\/wp\/v2\/media?parent=1743"}],"wp:term":[{"taxonomy":"category","embeddable":true,"href":"https:\/\/blogs.correiobraziliense.com.br\/trilhasonora\/wp-json\/wp\/v2\/categories?post=1743"},{"taxonomy":"post_tag","embeddable":true,"href":"https:\/\/blogs.correiobraziliense.com.br\/trilhasonora\/wp-json\/wp\/v2\/tags?post=1743"}],"curies":[{"name":"wp","href":"https:\/\/api.w.org\/{rel}","templated":true}]}}