{"id":1694,"date":"2021-03-27T15:29:30","date_gmt":"2021-03-27T18:29:30","guid":{"rendered":"https:\/\/blogs.correiobraziliense.com.br\/trilhasonora\/?p=1694"},"modified":"2021-03-27T16:17:49","modified_gmt":"2021-03-27T19:17:49","slug":"carlinhos-brown-lanca-o-clipe-de-ta-na-mulher","status":"publish","type":"post","link":"https:\/\/blogs.correiobraziliense.com.br\/trilhasonora\/carlinhos-brown-lanca-o-clipe-de-ta-na-mulher\/","title":{"rendered":"Carlinhos Brown lan\u00e7a o clipe de T\u00e1 na mulher"},"content":{"rendered":"<h3>No v\u00eddeo o multi-artista celebra as pot\u00eancias femininas com a can\u00e7\u00e3o do \u00e1lbum <em>Umbalista Ver\u00e3o<\/em><\/h3>\n<p><em>T\u00e1 na mulher<\/em>, faixa do \u00e1lbum <em>Umbalista &#8212; Ver\u00e3o<\/em>, \u00e9 o clipe que Carlinhos Brown lan\u00e7ou nesta sexta-feira (26\/3). Com a can\u00e7\u00e3o, composta em parceria com Alain Tavares, regravada em vers\u00e3o caseira &#8212; respeitando o isolamento social imposto pela pandemia de covid-19 &#8211;, ele homenageia \u00e0s pot\u00eancias femininas, representadas por mulheres de diferentes campos de atua\u00e7\u00e3o, entre elas Da\u00fade, Cec\u00edlia Amado, Nina Silva, Patr\u00edcia Gomes, Deborah Colker, M\u00e1rcia Freire, a filha Clara Buarque e a m\u00e3e Madalena Freitas, mais conhecida como Dona Mad\u00e1. Todas marcam presen\u00e7a no v\u00eddeo.<\/p>\n<p>Ao se referir \u00e0s homenageadas, o cantor, compositor e multi-instrumentista ressalta: &#8220;Sabedorias ancestrais, tempos astrais, terra f\u00e9rtil de possibilidades. Todos os dias s\u00e3o prop\u00edcios para celebrar o feminino e agradecer por tantas b\u00ean\u00e7\u00e3os&#8221;. Ele acrescenta: &#8220;Nesse clipe est\u00e3o reunidas algumas pot\u00eancias femininas e quero com ele, mais uma vez, homenagear as mulheres que tanto nos inspiram&#8221; .<\/p>\n<p><em>Umbalista &#8212; Ver\u00e3o,<\/em> lan\u00e7ado em fevereiro \u00faltimo nas plataformas digitais, pelo selo Candyall Music, al\u00e9m da in\u00e9dita <em>T\u00e1 na mulher<\/em>, traz can\u00e7\u00f5es autorais, gravadas anteriormente por outros int\u00e9rpretes, como <em>\u00c1gua mineral<\/em>,<em> Maimb\u00ea Dand\u00e1<\/em>,<em> Meia lua inteira<\/em>, <em>Dandalunda <\/em>e\u00a0<em>Tonelada de desejos<\/em>, al\u00e9m das que Brown comp\u00f4s com os parceiros Arnaldo Antunes, <em>Pra vizinho olhar,<\/em>\u00a0<em>Vev\u00e9 Calazans <\/em>e<em>\u00a0Selva branca<\/em>. As grava\u00e7\u00f5es foram feitas no est\u00fadio Ilha dos Sapos, que o artista baiano mant\u00e9m em Salvador, sua terra natal.<\/p>\n<p><iframe loading=\"lazy\" title=\"Carlinhos Brown - T\u00e1 Na Mulher (Homenagem ao m\u00eas da mulher)\" width=\"1440\" height=\"810\" src=\"https:\/\/www.youtube.com\/embed\/l-4Zfky4CX0?feature=oembed\" frameborder=\"0\" allow=\"accelerometer; autoplay; clipboard-write; encrypted-media; gyroscope; picture-in-picture; web-share\" referrerpolicy=\"strict-origin-when-cross-origin\" allowfullscreen><\/iframe><\/p>\n","protected":false},"excerpt":{"rendered":"<p>No v\u00eddeo o multi-artista celebra as pot\u00eancias femininas com a can\u00e7\u00e3o do \u00e1lbum Umbalista Ver\u00e3o<\/p>\n","protected":false},"author":84,"featured_media":1696,"comment_status":"open","ping_status":"open","sticky":false,"template":"","format":"standard","meta":{"footnotes":""},"categories":[113],"tags":[],"class_list":["post-1694","post","type-post","status-publish","format-standard","has-post-thumbnail","hentry","category-materia"],"_links":{"self":[{"href":"https:\/\/blogs.correiobraziliense.com.br\/trilhasonora\/wp-json\/wp\/v2\/posts\/1694","targetHints":{"allow":["GET"]}}],"collection":[{"href":"https:\/\/blogs.correiobraziliense.com.br\/trilhasonora\/wp-json\/wp\/v2\/posts"}],"about":[{"href":"https:\/\/blogs.correiobraziliense.com.br\/trilhasonora\/wp-json\/wp\/v2\/types\/post"}],"author":[{"embeddable":true,"href":"https:\/\/blogs.correiobraziliense.com.br\/trilhasonora\/wp-json\/wp\/v2\/users\/84"}],"replies":[{"embeddable":true,"href":"https:\/\/blogs.correiobraziliense.com.br\/trilhasonora\/wp-json\/wp\/v2\/comments?post=1694"}],"version-history":[{"count":4,"href":"https:\/\/blogs.correiobraziliense.com.br\/trilhasonora\/wp-json\/wp\/v2\/posts\/1694\/revisions"}],"predecessor-version":[{"id":1699,"href":"https:\/\/blogs.correiobraziliense.com.br\/trilhasonora\/wp-json\/wp\/v2\/posts\/1694\/revisions\/1699"}],"wp:featuredmedia":[{"embeddable":true,"href":"https:\/\/blogs.correiobraziliense.com.br\/trilhasonora\/wp-json\/wp\/v2\/media\/1696"}],"wp:attachment":[{"href":"https:\/\/blogs.correiobraziliense.com.br\/trilhasonora\/wp-json\/wp\/v2\/media?parent=1694"}],"wp:term":[{"taxonomy":"category","embeddable":true,"href":"https:\/\/blogs.correiobraziliense.com.br\/trilhasonora\/wp-json\/wp\/v2\/categories?post=1694"},{"taxonomy":"post_tag","embeddable":true,"href":"https:\/\/blogs.correiobraziliense.com.br\/trilhasonora\/wp-json\/wp\/v2\/tags?post=1694"}],"curies":[{"name":"wp","href":"https:\/\/api.w.org\/{rel}","templated":true}]}}