{"id":1688,"date":"2021-03-23T16:52:06","date_gmt":"2021-03-23T19:52:06","guid":{"rendered":"https:\/\/blogs.correiobraziliense.com.br\/trilhasonora\/?p=1688"},"modified":"2021-03-23T16:52:06","modified_gmt":"2021-03-23T19:52:06","slug":"barra-68-sem-perder-a-ternura-documentario-de-vladimir-carvalho-sobre-a-invasao-da-unb-e-tema-de-debate-hoje","status":"publish","type":"post","link":"https:\/\/blogs.correiobraziliense.com.br\/trilhasonora\/barra-68-sem-perder-a-ternura-documentario-de-vladimir-carvalho-sobre-a-invasao-da-unb-e-tema-de-debate-hoje\/","title":{"rendered":"Barra 68 &#8212; Sem perder a ternura: Document\u00e1rio de Vladimir Carvalho sobre a invas\u00e3o da UNB \u00e9 tema de debate hoje"},"content":{"rendered":"<p>Filme inclu\u00eddo na programa\u00e7\u00e3o da mostra que homenageia os 80 anos do premiado documentarista Vladimir Carvalho, que ocorre de 9 de abril a 11 de maio, no Centro Cultural Banco do Brasil de Bras\u00edlia, <em>Barra 68 &#8212; Sem perder a ternura<\/em> ser\u00e1 objeto de debate hoje (23\/3), \u00e0s 19h30, no canal da <a href=\"https:\/\/www.youtube.com\/channel\/UCDLfdfuALUd7eTf9UefaPTg\">Associa\u00e7\u00e3o Brasileira de Imprensa no YouTube<\/a>. Al\u00e9m do do diretor, haver\u00e1 a participa\u00e7\u00e3o de S\u00edlvio Tendler, Dermeval Netto e Maria do Ros\u00e1rio Caetano, tendo Ricardo Cota como mediador, sob a coordena\u00e7\u00e3o de Zez\u00e9 Sack.<\/p>\n<p>O document\u00e1rio resgata as agress\u00f5es sofridas pela Universidade de Bras\u00edlia desde o golpe de 1964 at\u00e9 os acontecimentos de 1968 quando tropas militares ocuparam o campus, prenderam e atiraram em estudantes. Quatrocentos deles foram detidos numa quadra de esportes, pr\u00f3xima ao restaurante universit\u00e1rio. Narrado pelo ator Othon Bastos, o filme traz depoimentos de Oscar Niemeyer, Roberto Salmeron, do ex-reitor Jos\u00e9 Carlos Azevedo, Cac\u00e1 Diegues, Jean-Claude Bernardet, Ana Miranda, Marcos Santilli, de familiares de Honestino Guimar\u00e3es, entre outros. <em>Barra 68<\/em> recebeu premia\u00e7\u00e3o nos festivais de cinema de Bras\u00edlia, Fortaleza e Recife e foi selecionado nos festivais de S\u00e3o Paulo, Havana e Friburg (Su\u00ed\u00e7a).<\/p>\n<p><iframe loading=\"lazy\" title=\"Document\u00e1rio Barra 68\" width=\"1333\" height=\"1000\" src=\"https:\/\/www.youtube.com\/embed\/qxy3PdAq6Ew?feature=oembed\" frameborder=\"0\" allow=\"accelerometer; autoplay; clipboard-write; encrypted-media; gyroscope; picture-in-picture; web-share\" referrerpolicy=\"strict-origin-when-cross-origin\" allowfullscreen><\/iframe><\/p>\n<p>Sobre <em>Barra 68<\/em>, Vladimir Carvalho falou com exclusividade para o <strong>Trilha Sonora<\/strong>. &#8220;Cheguei a Bras\u00edlia em 1970, decidi e logo quis me fixar aqui. Pude perceber na cidade ampl\u00edssimas tem\u00e1ticas para serem exploradas por um documentarista. Como professor de cinema da UnB, recebi de um aluno, o Miguel Freire, uma fita de 16 mil\u00edmetros de Hermano Penna sobre a deten\u00e7\u00e3o de 400 alunos numa quadra de basquete da universidade, quando da invas\u00e3o de for\u00e7as militares e policiais em 1968. Vi ali a possibilidade de produzir o document\u00e1rio feito entre 1999 e 2000. <em>Barra 68<\/em> \u00e9 um document\u00e1rio de muita relev\u00e2ncia em minha obra&#8221;.<\/p>\n","protected":false},"excerpt":{"rendered":"<p>Filme inclu\u00eddo na programa\u00e7\u00e3o da mostra que homenageia os 80 anos do premiado documentarista Vladimir Carvalho, que ocorre de 9 de abril a 11 de maio, no Centro Cultural Banco do Brasil de Bras\u00edlia, Barra 68 &#8212; Sem perder a ternura ser\u00e1 objeto de debate hoje (23\/3), \u00e0s 19h30, no canal da Associa\u00e7\u00e3o Brasileira de Imprensa no YouTube. Al\u00e9m do [&hellip;]<\/p>\n","protected":false},"author":84,"featured_media":1689,"comment_status":"open","ping_status":"open","sticky":false,"template":"","format":"standard","meta":{"footnotes":""},"categories":[1],"tags":[205,207,206,208],"class_list":["post-1688","post","type-post","status-publish","format-standard","has-post-thumbnail","hentry","category-sem-categoria","tag-barra-68","tag-documentario","tag-unb","tag-vladimir-carvalho"],"_links":{"self":[{"href":"https:\/\/blogs.correiobraziliense.com.br\/trilhasonora\/wp-json\/wp\/v2\/posts\/1688","targetHints":{"allow":["GET"]}}],"collection":[{"href":"https:\/\/blogs.correiobraziliense.com.br\/trilhasonora\/wp-json\/wp\/v2\/posts"}],"about":[{"href":"https:\/\/blogs.correiobraziliense.com.br\/trilhasonora\/wp-json\/wp\/v2\/types\/post"}],"author":[{"embeddable":true,"href":"https:\/\/blogs.correiobraziliense.com.br\/trilhasonora\/wp-json\/wp\/v2\/users\/84"}],"replies":[{"embeddable":true,"href":"https:\/\/blogs.correiobraziliense.com.br\/trilhasonora\/wp-json\/wp\/v2\/comments?post=1688"}],"version-history":[{"count":1,"href":"https:\/\/blogs.correiobraziliense.com.br\/trilhasonora\/wp-json\/wp\/v2\/posts\/1688\/revisions"}],"predecessor-version":[{"id":1690,"href":"https:\/\/blogs.correiobraziliense.com.br\/trilhasonora\/wp-json\/wp\/v2\/posts\/1688\/revisions\/1690"}],"wp:featuredmedia":[{"embeddable":true,"href":"https:\/\/blogs.correiobraziliense.com.br\/trilhasonora\/wp-json\/wp\/v2\/media\/1689"}],"wp:attachment":[{"href":"https:\/\/blogs.correiobraziliense.com.br\/trilhasonora\/wp-json\/wp\/v2\/media?parent=1688"}],"wp:term":[{"taxonomy":"category","embeddable":true,"href":"https:\/\/blogs.correiobraziliense.com.br\/trilhasonora\/wp-json\/wp\/v2\/categories?post=1688"},{"taxonomy":"post_tag","embeddable":true,"href":"https:\/\/blogs.correiobraziliense.com.br\/trilhasonora\/wp-json\/wp\/v2\/tags?post=1688"}],"curies":[{"name":"wp","href":"https:\/\/api.w.org\/{rel}","templated":true}]}}