{"id":1677,"date":"2021-03-20T06:53:04","date_gmt":"2021-03-20T09:53:04","guid":{"rendered":"https:\/\/blogs.correiobraziliense.com.br\/trilhasonora\/?p=1677"},"modified":"2021-03-18T18:08:10","modified_gmt":"2021-03-18T21:08:10","slug":"oswaldo-montenegro-faz-live-no-dia-internacional-da-felicidade","status":"publish","type":"post","link":"https:\/\/blogs.correiobraziliense.com.br\/trilhasonora\/oswaldo-montenegro-faz-live-no-dia-internacional-da-felicidade\/","title":{"rendered":"Oswaldo Montenegro faz live no Dia Internacional da Felicidade"},"content":{"rendered":"<h3>O show especial \u00e9 uma promo\u00e7\u00e3o do Instituto Felici\u00eancia, com transmiss\u00e3o pelo YouTube<\/h3>\n<p>O Dia Internacional da Felicidade vai ser comemorado hoje (s\u00e1bado, 20\/3), \u00e0s 19h30, com uma live de Oswaldo Montenegro, promovida pelo Instituto Felici\u00eancia. O show especial tem como t\u00edtulo <em>Quero ser feliz agora<\/em>, nome tamb\u00e9m de uma can\u00e7\u00e3o do cantor e compositor carioca que iniciou a carreira em Bras\u00edlia, na segunda metade da d\u00e9cada de 1970. A letra da m\u00fasica \u00e9 uma esp\u00e9cie de incentivo para a busca do que faz bem \u00e0s pessoas, bem apropriada para os dias de agora.<\/p>\n<p>Dono de v\u00e1rias m\u00fasicas de sucesso, o Menestrel incluiu <em>A lista,<\/em> <em>Estrada nova<\/em>, <em>Sem mandamentos,<\/em> al\u00e9m de <em>Bandolins<\/em> e <em>L\u00e9o e Bia<\/em>, cl\u00e1ssicos marcantes em sua trajet\u00f3ria art\u00edstica. Na live, al\u00e9m de cantar, tocar viol\u00e3o e piano, como de h\u00e1bito deve fazer coment\u00e1rio sobre as composi\u00e7\u00f5es e quest\u00f5es do momento, como a pandemia de covid-19. A transmiss\u00e3o \u00e9 pelo canal do instituto no <a href=\"https:\/\/www.youtube.com\/channel\/UCH6jMcq5ygrXY4DK7JdfF1w\">YouTube<\/a>.<\/p>\n<p>A escolha do artista para celebrar a data \u00e9 explicada por Carla Furtado, fundadora do Instituto Felici\u00eancia: &#8220;Este ano, diante de desafios e adversidades, escolhemos oferecer arte ao p\u00fablico no Dia Internacional da Felicidade. Poucas coisas nos emocionam tanto quanto a arte. E Oswaldo Montenegro, \u00e9 um poeta com sensibilidade, que toca profundamente o p\u00fablico com suas can\u00e7\u00f5es&#8221;.<\/p>\n<p><iframe loading=\"lazy\" title=\"Eu quero ser feliz agora, m\u00fasica de Oswaldo Montenegro | Agenda de shows na descri\u00e7\u00e3o.\" width=\"1440\" height=\"810\" src=\"https:\/\/www.youtube.com\/embed\/X495oVHbZ98?feature=oembed\" frameborder=\"0\" allow=\"accelerometer; autoplay; clipboard-write; encrypted-media; gyroscope; picture-in-picture; web-share\" referrerpolicy=\"strict-origin-when-cross-origin\" allowfullscreen><\/iframe><\/p>\n","protected":false},"excerpt":{"rendered":"<p>O show especial \u00e9 uma promo\u00e7\u00e3o do Instituto Felici\u00eancia, com transmiss\u00e3o pelo YouTube<\/p>\n","protected":false},"author":84,"featured_media":1678,"comment_status":"open","ping_status":"open","sticky":false,"template":"","format":"standard","meta":{"footnotes":""},"categories":[113],"tags":[],"class_list":["post-1677","post","type-post","status-publish","format-standard","has-post-thumbnail","hentry","category-materia"],"_links":{"self":[{"href":"https:\/\/blogs.correiobraziliense.com.br\/trilhasonora\/wp-json\/wp\/v2\/posts\/1677","targetHints":{"allow":["GET"]}}],"collection":[{"href":"https:\/\/blogs.correiobraziliense.com.br\/trilhasonora\/wp-json\/wp\/v2\/posts"}],"about":[{"href":"https:\/\/blogs.correiobraziliense.com.br\/trilhasonora\/wp-json\/wp\/v2\/types\/post"}],"author":[{"embeddable":true,"href":"https:\/\/blogs.correiobraziliense.com.br\/trilhasonora\/wp-json\/wp\/v2\/users\/84"}],"replies":[{"embeddable":true,"href":"https:\/\/blogs.correiobraziliense.com.br\/trilhasonora\/wp-json\/wp\/v2\/comments?post=1677"}],"version-history":[{"count":1,"href":"https:\/\/blogs.correiobraziliense.com.br\/trilhasonora\/wp-json\/wp\/v2\/posts\/1677\/revisions"}],"predecessor-version":[{"id":1679,"href":"https:\/\/blogs.correiobraziliense.com.br\/trilhasonora\/wp-json\/wp\/v2\/posts\/1677\/revisions\/1679"}],"wp:featuredmedia":[{"embeddable":true,"href":"https:\/\/blogs.correiobraziliense.com.br\/trilhasonora\/wp-json\/wp\/v2\/media\/1678"}],"wp:attachment":[{"href":"https:\/\/blogs.correiobraziliense.com.br\/trilhasonora\/wp-json\/wp\/v2\/media?parent=1677"}],"wp:term":[{"taxonomy":"category","embeddable":true,"href":"https:\/\/blogs.correiobraziliense.com.br\/trilhasonora\/wp-json\/wp\/v2\/categories?post=1677"},{"taxonomy":"post_tag","embeddable":true,"href":"https:\/\/blogs.correiobraziliense.com.br\/trilhasonora\/wp-json\/wp\/v2\/tags?post=1677"}],"curies":[{"name":"wp","href":"https:\/\/api.w.org\/{rel}","templated":true}]}}