{"id":1647,"date":"2021-03-02T13:14:56","date_gmt":"2021-03-02T16:14:56","guid":{"rendered":"https:\/\/blogs.correiobraziliense.com.br\/trilhasonora\/?p=1647"},"modified":"2021-03-02T13:14:56","modified_gmt":"2021-03-02T16:14:56","slug":"era-uma-vez-os-beatles","status":"publish","type":"post","link":"https:\/\/blogs.correiobraziliense.com.br\/trilhasonora\/era-uma-vez-os-beatles\/","title":{"rendered":"Era uma vez, os Beatles"},"content":{"rendered":"<p><a href=\"https:\/\/www.correiobraziliense.com.br\/diversao-e-arte\/2021\/02\/4909198-livro-de-daniel-rodrigues-sobre-os-beatles-ganha-versao-em-audiolivro.html\">Livro de Daniel Rodrigues sobre Os Beatles ganha vers\u00e3o em audiolivro<\/a>. Mat\u00e9ria publicada no \u00faltimo domingo (28\/2) no caderno Divers\u00e3o &amp; Arte do Correio Braziliense<\/p>\n<p><img loading=\"lazy\" decoding=\"async\" class=\"aligncenter size-full wp-image-1648\" src=\"https:\/\/blogs.correiobraziliense.com.br\/trilhasonora\/wp-content\/uploads\/sites\/39\/2021\/03\/A19-CID-2802_page-0001.jpg\" alt=\"\" width=\"1000\" height=\"619\" srcset=\"https:\/\/blogs.correiobraziliense.com.br\/trilhasonora\/wp-content\/uploads\/sites\/39\/2021\/03\/A19-CID-2802_page-0001.jpg 1000w, https:\/\/blogs.correiobraziliense.com.br\/trilhasonora\/wp-content\/uploads\/sites\/39\/2021\/03\/A19-CID-2802_page-0001-300x186.jpg 300w, https:\/\/blogs.correiobraziliense.com.br\/trilhasonora\/wp-content\/uploads\/sites\/39\/2021\/03\/A19-CID-2802_page-0001-768x475.jpg 768w, https:\/\/blogs.correiobraziliense.com.br\/trilhasonora\/wp-content\/uploads\/sites\/39\/2021\/03\/A19-CID-2802_page-0001-800x495.jpg 800w, https:\/\/blogs.correiobraziliense.com.br\/trilhasonora\/wp-content\/uploads\/sites\/39\/2021\/03\/A19-CID-2802_page-0001-550x340.jpg 550w, https:\/\/blogs.correiobraziliense.com.br\/trilhasonora\/wp-content\/uploads\/sites\/39\/2021\/03\/A19-CID-2802_page-0001-230x142.jpg 230w\" sizes=\"auto, (max-width: 1000px) 100vw, 1000px\" \/><\/p>\n<p><iframe loading=\"lazy\" title=\"Let It Be (Remastered 2009)\" width=\"1333\" height=\"1000\" src=\"https:\/\/www.youtube.com\/embed\/QDYfEBY9NM4?feature=oembed\" frameborder=\"0\" allow=\"accelerometer; autoplay; clipboard-write; encrypted-media; gyroscope; picture-in-picture; web-share\" referrerpolicy=\"strict-origin-when-cross-origin\" allowfullscreen><\/iframe><\/p>\n","protected":false},"excerpt":{"rendered":"<p>Livro de Daniel Rodrigues sobre Os Beatles ganha vers\u00e3o em audiolivro. Mat\u00e9ria publicada no \u00faltimo domingo (28\/2) no caderno Divers\u00e3o &amp; Arte do Correio Braziliense<\/p>\n","protected":false},"author":84,"featured_media":0,"comment_status":"open","ping_status":"open","sticky":false,"template":"","format":"standard","meta":{"footnotes":""},"categories":[113],"tags":[],"class_list":["post-1647","post","type-post","status-publish","format-standard","hentry","category-materia"],"_links":{"self":[{"href":"https:\/\/blogs.correiobraziliense.com.br\/trilhasonora\/wp-json\/wp\/v2\/posts\/1647","targetHints":{"allow":["GET"]}}],"collection":[{"href":"https:\/\/blogs.correiobraziliense.com.br\/trilhasonora\/wp-json\/wp\/v2\/posts"}],"about":[{"href":"https:\/\/blogs.correiobraziliense.com.br\/trilhasonora\/wp-json\/wp\/v2\/types\/post"}],"author":[{"embeddable":true,"href":"https:\/\/blogs.correiobraziliense.com.br\/trilhasonora\/wp-json\/wp\/v2\/users\/84"}],"replies":[{"embeddable":true,"href":"https:\/\/blogs.correiobraziliense.com.br\/trilhasonora\/wp-json\/wp\/v2\/comments?post=1647"}],"version-history":[{"count":1,"href":"https:\/\/blogs.correiobraziliense.com.br\/trilhasonora\/wp-json\/wp\/v2\/posts\/1647\/revisions"}],"predecessor-version":[{"id":1649,"href":"https:\/\/blogs.correiobraziliense.com.br\/trilhasonora\/wp-json\/wp\/v2\/posts\/1647\/revisions\/1649"}],"wp:attachment":[{"href":"https:\/\/blogs.correiobraziliense.com.br\/trilhasonora\/wp-json\/wp\/v2\/media?parent=1647"}],"wp:term":[{"taxonomy":"category","embeddable":true,"href":"https:\/\/blogs.correiobraziliense.com.br\/trilhasonora\/wp-json\/wp\/v2\/categories?post=1647"},{"taxonomy":"post_tag","embeddable":true,"href":"https:\/\/blogs.correiobraziliense.com.br\/trilhasonora\/wp-json\/wp\/v2\/tags?post=1647"}],"curies":[{"name":"wp","href":"https:\/\/api.w.org\/{rel}","templated":true}]}}