{"id":1644,"date":"2021-02-24T15:06:57","date_gmt":"2021-02-24T18:06:57","guid":{"rendered":"https:\/\/blogs.correiobraziliense.com.br\/trilhasonora\/?p=1644"},"modified":"2021-02-24T15:06:57","modified_gmt":"2021-02-24T18:06:57","slug":"artigo-eterno-ze-keti","status":"publish","type":"post","link":"https:\/\/blogs.correiobraziliense.com.br\/trilhasonora\/artigo-eterno-ze-keti\/","title":{"rendered":"Artigo: Eterno Z\u00e9 Keti"},"content":{"rendered":"<p>Artigo sobre <a href=\"https:\/\/www.correiobraziliense.com.br\/opiniao\/2021\/02\/4908383-eterno-ze-keti.html\">Z\u00e9 Keti<\/a>, publicado nesta quarta-feira (24\/2) na se\u00e7\u00e3o de <strong>Opini\u00e3o <\/strong>do<strong> Correio Braziliense<\/strong><\/p>\n<p><img loading=\"lazy\" decoding=\"async\" class=\"aligncenter size-full wp-image-1645\" src=\"https:\/\/blogs.correiobraziliense.com.br\/trilhasonora\/wp-content\/uploads\/sites\/39\/2021\/02\/A10-OPI-2402_page-0001.jpg\" alt=\"\" width=\"803\" height=\"1072\" srcset=\"https:\/\/blogs.correiobraziliense.com.br\/trilhasonora\/wp-content\/uploads\/sites\/39\/2021\/02\/A10-OPI-2402_page-0001.jpg 803w, https:\/\/blogs.correiobraziliense.com.br\/trilhasonora\/wp-content\/uploads\/sites\/39\/2021\/02\/A10-OPI-2402_page-0001-225x300.jpg 225w, https:\/\/blogs.correiobraziliense.com.br\/trilhasonora\/wp-content\/uploads\/sites\/39\/2021\/02\/A10-OPI-2402_page-0001-768x1025.jpg 768w, https:\/\/blogs.correiobraziliense.com.br\/trilhasonora\/wp-content\/uploads\/sites\/39\/2021\/02\/A10-OPI-2402_page-0001-767x1024.jpg 767w, https:\/\/blogs.correiobraziliense.com.br\/trilhasonora\/wp-content\/uploads\/sites\/39\/2021\/02\/A10-OPI-2402_page-0001-800x1068.jpg 800w, https:\/\/blogs.correiobraziliense.com.br\/trilhasonora\/wp-content\/uploads\/sites\/39\/2021\/02\/A10-OPI-2402_page-0001-550x734.jpg 550w, https:\/\/blogs.correiobraziliense.com.br\/trilhasonora\/wp-content\/uploads\/sites\/39\/2021\/02\/A10-OPI-2402_page-0001-230x307.jpg 230w\" sizes=\"auto, (max-width: 803px) 100vw, 803px\" \/><\/p>\n<h2>A voz do morro de Z\u00e9 Keti<\/h2>\n<p><iframe loading=\"lazy\" title=\"Ze Keti A voz do morro\" width=\"1333\" height=\"1000\" src=\"https:\/\/www.youtube.com\/embed\/2w_V4H-pxFY?feature=oembed\" frameborder=\"0\" allow=\"accelerometer; autoplay; clipboard-write; encrypted-media; gyroscope; picture-in-picture; web-share\" referrerpolicy=\"strict-origin-when-cross-origin\" allowfullscreen><\/iframe><\/p>\n","protected":false},"excerpt":{"rendered":"<p>Artigo sobre Z\u00e9 Keti, publicado nesta quarta-feira (24\/2) na se\u00e7\u00e3o de Opini\u00e3o do Correio Braziliense A voz do morro de Z\u00e9 Keti<\/p>\n","protected":false},"author":84,"featured_media":0,"comment_status":"open","ping_status":"open","sticky":false,"template":"","format":"standard","meta":{"footnotes":""},"categories":[1],"tags":[],"class_list":["post-1644","post","type-post","status-publish","format-standard","hentry","category-sem-categoria"],"_links":{"self":[{"href":"https:\/\/blogs.correiobraziliense.com.br\/trilhasonora\/wp-json\/wp\/v2\/posts\/1644","targetHints":{"allow":["GET"]}}],"collection":[{"href":"https:\/\/blogs.correiobraziliense.com.br\/trilhasonora\/wp-json\/wp\/v2\/posts"}],"about":[{"href":"https:\/\/blogs.correiobraziliense.com.br\/trilhasonora\/wp-json\/wp\/v2\/types\/post"}],"author":[{"embeddable":true,"href":"https:\/\/blogs.correiobraziliense.com.br\/trilhasonora\/wp-json\/wp\/v2\/users\/84"}],"replies":[{"embeddable":true,"href":"https:\/\/blogs.correiobraziliense.com.br\/trilhasonora\/wp-json\/wp\/v2\/comments?post=1644"}],"version-history":[{"count":1,"href":"https:\/\/blogs.correiobraziliense.com.br\/trilhasonora\/wp-json\/wp\/v2\/posts\/1644\/revisions"}],"predecessor-version":[{"id":1646,"href":"https:\/\/blogs.correiobraziliense.com.br\/trilhasonora\/wp-json\/wp\/v2\/posts\/1644\/revisions\/1646"}],"wp:attachment":[{"href":"https:\/\/blogs.correiobraziliense.com.br\/trilhasonora\/wp-json\/wp\/v2\/media?parent=1644"}],"wp:term":[{"taxonomy":"category","embeddable":true,"href":"https:\/\/blogs.correiobraziliense.com.br\/trilhasonora\/wp-json\/wp\/v2\/categories?post=1644"},{"taxonomy":"post_tag","embeddable":true,"href":"https:\/\/blogs.correiobraziliense.com.br\/trilhasonora\/wp-json\/wp\/v2\/tags?post=1644"}],"curies":[{"name":"wp","href":"https:\/\/api.w.org\/{rel}","templated":true}]}}