{"id":1637,"date":"2021-02-14T06:50:14","date_gmt":"2021-02-14T09:50:14","guid":{"rendered":"https:\/\/blogs.correiobraziliense.com.br\/trilhasonora\/?p=1637"},"modified":"2021-02-13T21:04:58","modified_gmt":"2021-02-14T00:04:58","slug":"confira-lives-e-show-ao-vivo-na-programacao-de-carnaval-para-o-brasiliense","status":"publish","type":"post","link":"https:\/\/blogs.correiobraziliense.com.br\/trilhasonora\/confira-lives-e-show-ao-vivo-na-programacao-de-carnaval-para-o-brasiliense\/","title":{"rendered":"Confira lives e show ao vivo na programa\u00e7\u00e3o de carnaval para o brasiliense"},"content":{"rendered":"<h3>Bell Marques, Spok e Diogo Nogueira em shows na internet e Jammil ao vivo na cidade animam os foli\u00f5es<\/h3>\n<p>Sem poder se jogar nos blocos que animam o carnaval nos setores Comercial e Banc\u00e1rio Sul, Eixo Monumental, Pra\u00e7a dos Prazeres e em outros locais da cidade; ou no Rio de Janeiro, Salvador e Recife, por causa das restri\u00e7\u00f5es impostas pela pandemia de covid-19, os foli\u00f5es brasilienses t\u00eam como uma da alternativas para entrar no clima no da festa, assistir as lives que Bell Marques, Diogo Nogueira e Spok Frevo Orquestra apresentam hoje (14\/2), com transmiss\u00e3o pela internet. Outra possibilidade \u00e9 oferecida aqui na capital pelo Caf\u00e9 de La Musique, na Avenida das Na\u00e7\u00f5es, que promove show &#8212; ao vivo &#8212; da banda baiana Jammil.<\/p>\n<p><strong>Jammil &#8212;<\/strong> A banda baiana Jammil \u00e9 a atra\u00e7\u00e3o de hoje da programa\u00e7\u00e3o de carnaval do Caf\u00e9 de La Musique, na Avenida das Na\u00e7\u00f5es (ao lado do Pier 21). A festa come\u00e7a \u00e0s 22h, mas o show est\u00e1 marcado para a meia-noite. Rafael Barreto, o novo vocalista do grupo vai cantar sucessos do Jammil, como <em>Milla<\/em> e <em>Sou praiero, sou guerreiro<\/em>, al\u00e9m de sucessos que fazem a hist\u00f3ria da folia soteropolitana. Antese depois do show os DJs Gustavo Carvalho e Higor Toret se revezam no comando das picapes.<\/p>\n<p><strong>Bell Marques &#8212;<\/strong> O cantor e compositor baiano, que possui uma legi\u00e3o de f\u00e3s em Bras\u00edlia faz a live <em>Meu Carnaval<\/em>, \u00e0s 16h, no Forte de S\u00e3o Marcelo, tendo como cen\u00e1rio a Ba\u00eda de Todos os Santos. O hor\u00e1rio \u00e9 o mesmo que de sua sa\u00edda nos desfiles pelo circuito Barra-Ondina, em Salvador. Ele vai abrir a apresenta\u00e7\u00e3o com o bord\u00e3o &#8220;Camale\u00e3o, chegou a nossa vez!&#8221;. Al\u00e9m de m\u00fasicas do seu repert\u00f3rio em carreira solo, Bell vai cantar sucessos da \u00e9poca em que era l\u00edder do Chiclete com Banana, al\u00e9m da can\u00e7\u00e3o in\u00e9dita <em>Brilha\u00ea<\/em>, que fez em homenagem ao bloco. Transmiss\u00f5es pelo <a href=\"https:\/\/www.youtube.com\/channel\/UCoMgZAyPrC4S4PXmRC9KCOQ\">YouTube<\/a>.<\/p>\n<p><strong>Spok Frevo Orquestra &#8212;<\/strong> O grupo pernambucano, liderado pelo saxofonista Spok mostra o ritmo caracter\u00edstico do carnaval pernambucano, ao participar da edi\u00e7\u00e3o digital do festival Rec Beat, em show pr\u00e9-gravado no Marco Zero, um dos pontos tradicionais da folia de Recife. O evento, com apresenta\u00e7\u00e3o do cantor China, aposta num conte\u00fado cinematogr\u00e1fico. Spock vai mostrar o frevo instrumental de rua e o repert\u00f3rio traz composi\u00e7\u00f5es autorais, registradas em tr\u00eas \u00e1lbuns e releituras de cl\u00e1ssicos como <em>Vassourinha<\/em> (Mathias Rocha e Joana Baptista) e <em>Frevo sanfonado<\/em> (Sivuca). A transmiss\u00e3o \u00e9 pelo canal do festival no <a href=\"http:\/\/recbeatfestival.com\/\">YouTube<\/a>.<\/p>\n<p><iframe loading=\"lazy\" title=\"Festival Rec-Beat SP 2021\" width=\"1440\" height=\"810\" src=\"https:\/\/www.youtube.com\/embed\/QMHCDUJEk4o?feature=oembed\" frameborder=\"0\" allow=\"accelerometer; autoplay; clipboard-write; encrypted-media; gyroscope; picture-in-picture; web-share\" referrerpolicy=\"strict-origin-when-cross-origin\" allowfullscreen><\/iframe><\/p>\n<p><strong>Diogo Nogueira &#8212;<\/strong> Sambas, sambas-enredo e marchinhas de compositores cariocas, escolas de samba e de blocos tradicionais do Rio de Janeiro est\u00e3o no repert\u00f3rio da live que <a href=\"https:\/\/www.correiobraziliense.com.br\/cidades-df\/2021\/02\/4905430-todo-o-sol-de-diogo-nogueira.html\">Diogo Nogueira<\/a> faz a partir das 12h, com transmiss\u00e3o por seu canal no <a href=\"https:\/\/www.youtube.com\/channel\/UCldcpasBIXbLzQpNsQpph4A\">YouTube<\/a>. Portelense de alma e cora\u00e7\u00e3o, o cantor tamb\u00e9m homenageia sua escola, pela qual emplacou quatro sambas-enredo. No carnaval de 2016, ele foi homenageado pela Dona Leopoldina, escola de samba de Porto Alegre, com o enredo <em>Espelho de filho para pai &#8212; A Imperatriz canta Diogo para Jo\u00e3o<\/em>.<\/p>\n","protected":false},"excerpt":{"rendered":"<p>Bell Marques, Spok e Diogo Nogueira em shows na internet e Jammil ao vivo na cidade animam os foli\u00f5es<\/p>\n","protected":false},"author":84,"featured_media":1638,"comment_status":"open","ping_status":"open","sticky":false,"template":"","format":"standard","meta":{"footnotes":""},"categories":[113],"tags":[],"class_list":["post-1637","post","type-post","status-publish","format-standard","has-post-thumbnail","hentry","category-materia"],"_links":{"self":[{"href":"https:\/\/blogs.correiobraziliense.com.br\/trilhasonora\/wp-json\/wp\/v2\/posts\/1637","targetHints":{"allow":["GET"]}}],"collection":[{"href":"https:\/\/blogs.correiobraziliense.com.br\/trilhasonora\/wp-json\/wp\/v2\/posts"}],"about":[{"href":"https:\/\/blogs.correiobraziliense.com.br\/trilhasonora\/wp-json\/wp\/v2\/types\/post"}],"author":[{"embeddable":true,"href":"https:\/\/blogs.correiobraziliense.com.br\/trilhasonora\/wp-json\/wp\/v2\/users\/84"}],"replies":[{"embeddable":true,"href":"https:\/\/blogs.correiobraziliense.com.br\/trilhasonora\/wp-json\/wp\/v2\/comments?post=1637"}],"version-history":[{"count":1,"href":"https:\/\/blogs.correiobraziliense.com.br\/trilhasonora\/wp-json\/wp\/v2\/posts\/1637\/revisions"}],"predecessor-version":[{"id":1639,"href":"https:\/\/blogs.correiobraziliense.com.br\/trilhasonora\/wp-json\/wp\/v2\/posts\/1637\/revisions\/1639"}],"wp:featuredmedia":[{"embeddable":true,"href":"https:\/\/blogs.correiobraziliense.com.br\/trilhasonora\/wp-json\/wp\/v2\/media\/1638"}],"wp:attachment":[{"href":"https:\/\/blogs.correiobraziliense.com.br\/trilhasonora\/wp-json\/wp\/v2\/media?parent=1637"}],"wp:term":[{"taxonomy":"category","embeddable":true,"href":"https:\/\/blogs.correiobraziliense.com.br\/trilhasonora\/wp-json\/wp\/v2\/categories?post=1637"},{"taxonomy":"post_tag","embeddable":true,"href":"https:\/\/blogs.correiobraziliense.com.br\/trilhasonora\/wp-json\/wp\/v2\/tags?post=1637"}],"curies":[{"name":"wp","href":"https:\/\/api.w.org\/{rel}","templated":true}]}}