{"id":1631,"date":"2021-02-13T06:47:09","date_gmt":"2021-02-13T09:47:09","guid":{"rendered":"https:\/\/blogs.correiobraziliense.com.br\/trilhasonora\/?p=1631"},"modified":"2021-02-13T13:04:33","modified_gmt":"2021-02-13T16:04:33","slug":"live-de-maria-bethania-e-atracao-deste-sabado-13-2","status":"publish","type":"post","link":"https:\/\/blogs.correiobraziliense.com.br\/trilhasonora\/live-de-maria-bethania-e-atracao-deste-sabado-13-2\/","title":{"rendered":"Live de Maria Beth\u00e2nia \u00e9 atra\u00e7\u00e3o deste s\u00e1bado (13\/2)"},"content":{"rendered":"<h3>Cantora se rende ao formato e se apresenta hoje (13\/2), \u00e0s 22h, na Cidade das Artes, no Rio de Janeiro, com transmiss\u00e3o pelo Globoplay<\/h3>\n<p>Maria Beth\u00e2nia finalmente se rendeu \u00e0 live. A cantora, que embora tenha resistido \u00e0 ideia de fazer show sem a presen\u00e7a de p\u00fablico, depois de assistir \u00e0s apresenta\u00e7\u00f5es on-line de Teresa Cristina e de Caetano Veloso, decidiu soltar a voz em evento que ocorre hoje (13\/2), \u00e0s 22h, na Cidade das Artes, espa\u00e7o art\u00edstico localizada na Barra da Tijuca, Rio de Janeiro. N\u00e3o foi por acaso a escolha da data. No dia 13 de de fevereiro, de 1965, ela, oficialmente, iniciaria a carreira, ao subir ao palco do Teatro Opini\u00e3o, no Shopping Copacabana, para substituir Nara Le\u00e3o no espet\u00e1culo Opini\u00e3o, ao lado de Z\u00e9 K\u00e9ti e Jo\u00e3o do Valle.<\/p>\n<p>No mesmo dia, em 2016, era a grande estrela da <a href=\"https:\/\/www.correiobraziliense.com.br\/app\/noticia\/diversao-e-arte\/2019\/12\/06\/interna_diversao_arte,812092\/novo-album-maria-bethania.shtml\">Mangueira, no desfile dos campe\u00f5es do carnaval<\/a>, na Marqu\u00eas de Sapuca\u00ed. Naquele ano a irm\u00e3 de Caetano foi homenageada pela tradicional escola de samba, com o enredo <em>A menina dos olhos de Oy\u00e1<\/em>.<\/p>\n<p>Beth\u00e2nia faz quest\u00e3o de deixar claro que vai ser uma live sem festa, em raz\u00e3o da pandemia de covid-19. &#8220;Aceitei fazer a live porque aprendi muito sobre este formato de show ao assistir as apresenta\u00e7\u00f5es do meu irm\u00e3o Caetano, para a qual fiz sugest\u00e3o de m\u00fasica; e as da <a href=\"https:\/\/www.correiobraziliense.com.br\/app\/noticia\/diversao-e-arte\/2020\/07\/25\/interna_diversao_arte,875107\/teresa-cristina-rainha-das-lives-o-que-tem-segurado-a-gente-e-a-ar.shtml\">Teresa Cristina<\/a>, que me comoveu, por ela se mostrar uma artista bastante corajosa&#8221;, destaca. Quem a dirige \u00e9 LP Simonetti, o mesmo das lives de Roberto Carlos, Paulinho da Viola, Ivete Sangalo e Caetano Veloso. A transmiss\u00e3o ser\u00e1 pelo Globoplay.<\/p>\n<p>Acompanhada por quatro m\u00fasicas, durante 1h15, Maria Beth\u00e2nia interpretar\u00e1 can\u00e7\u00f5es que, quase sempre, fazem parte do setlist dos seus shows, como <em>Negue<\/em> (Adelino Moreira) e <em>Explode cora\u00e7\u00e3o<\/em> (Gonzaguinha), al\u00e9m de <em>Olhos nos olhos<\/em> (Chico Buarque) e <em>Onde estar\u00e1 o meu amor<\/em> (Chico C\u00e9sar). \u00c9 prov\u00e1vel que ela inclua no repert\u00f3rio m\u00fasicas do <em>Noturno<\/em>, \u00e1lbum &#8212; j\u00e1 gravado &#8212; que lan\u00e7ar\u00e1 neste ano, entre as quais o cl\u00e1ssico Evid\u00eancias, de Jos\u00e9 Augusto e Paulo S\u00e9rgio Valle.<\/p>\n<p><iframe loading=\"lazy\" title=\"Maria Beth\u00e2nia - &quot;Reconvexo&quot; (Ao Vivo) \u2013 Amor Festa Devo\u00e7\u00e3o\" width=\"1440\" height=\"810\" src=\"https:\/\/www.youtube.com\/embed\/YPO1iaetL2I?feature=oembed\" frameborder=\"0\" allow=\"accelerometer; autoplay; clipboard-write; encrypted-media; gyroscope; picture-in-picture; web-share\" referrerpolicy=\"strict-origin-when-cross-origin\" allowfullscreen><\/iframe><\/p>\n<p><iframe loading=\"lazy\" title=\"Explode Corac\u0327a\u0303o | Maria Betha\u0302nia\" width=\"1333\" height=\"1000\" src=\"https:\/\/www.youtube.com\/embed\/7POZ1uT7jm4?feature=oembed\" frameborder=\"0\" allow=\"accelerometer; autoplay; clipboard-write; encrypted-media; gyroscope; picture-in-picture; web-share\" referrerpolicy=\"strict-origin-when-cross-origin\" allowfullscreen><\/iframe><\/p>\n","protected":false},"excerpt":{"rendered":"<p>Cantora se rende ao formato e se apresenta hoje (13\/2), \u00e0s 22h, na Cidade das Artes, no Rio de Janeiro, com transmiss\u00e3o pelo Globoplay<\/p>\n","protected":false},"author":84,"featured_media":1635,"comment_status":"open","ping_status":"open","sticky":false,"template":"","format":"standard","meta":{"footnotes":""},"categories":[113],"tags":[],"class_list":["post-1631","post","type-post","status-publish","format-standard","has-post-thumbnail","hentry","category-materia"],"_links":{"self":[{"href":"https:\/\/blogs.correiobraziliense.com.br\/trilhasonora\/wp-json\/wp\/v2\/posts\/1631","targetHints":{"allow":["GET"]}}],"collection":[{"href":"https:\/\/blogs.correiobraziliense.com.br\/trilhasonora\/wp-json\/wp\/v2\/posts"}],"about":[{"href":"https:\/\/blogs.correiobraziliense.com.br\/trilhasonora\/wp-json\/wp\/v2\/types\/post"}],"author":[{"embeddable":true,"href":"https:\/\/blogs.correiobraziliense.com.br\/trilhasonora\/wp-json\/wp\/v2\/users\/84"}],"replies":[{"embeddable":true,"href":"https:\/\/blogs.correiobraziliense.com.br\/trilhasonora\/wp-json\/wp\/v2\/comments?post=1631"}],"version-history":[{"count":4,"href":"https:\/\/blogs.correiobraziliense.com.br\/trilhasonora\/wp-json\/wp\/v2\/posts\/1631\/revisions"}],"predecessor-version":[{"id":1636,"href":"https:\/\/blogs.correiobraziliense.com.br\/trilhasonora\/wp-json\/wp\/v2\/posts\/1631\/revisions\/1636"}],"wp:featuredmedia":[{"embeddable":true,"href":"https:\/\/blogs.correiobraziliense.com.br\/trilhasonora\/wp-json\/wp\/v2\/media\/1635"}],"wp:attachment":[{"href":"https:\/\/blogs.correiobraziliense.com.br\/trilhasonora\/wp-json\/wp\/v2\/media?parent=1631"}],"wp:term":[{"taxonomy":"category","embeddable":true,"href":"https:\/\/blogs.correiobraziliense.com.br\/trilhasonora\/wp-json\/wp\/v2\/categories?post=1631"},{"taxonomy":"post_tag","embeddable":true,"href":"https:\/\/blogs.correiobraziliense.com.br\/trilhasonora\/wp-json\/wp\/v2\/tags?post=1631"}],"curies":[{"name":"wp","href":"https:\/\/api.w.org\/{rel}","templated":true}]}}