{"id":1623,"date":"2021-02-08T12:42:36","date_gmt":"2021-02-08T15:42:36","guid":{"rendered":"https:\/\/blogs.correiobraziliense.com.br\/trilhasonora\/?p=1623"},"modified":"2021-02-08T12:43:02","modified_gmt":"2021-02-08T15:43:02","slug":"belo-velloso-lanca-single-com-nova-versao-de-de-e-tarde-demais-do-raca-negra","status":"publish","type":"post","link":"https:\/\/blogs.correiobraziliense.com.br\/trilhasonora\/belo-velloso-lanca-single-com-nova-versao-de-de-e-tarde-demais-do-raca-negra\/","title":{"rendered":"Bel\u00f4 Velloso lan\u00e7a single com nova vers\u00e3o de de \u00c9 tarde demais, do Ra\u00e7a Negra"},"content":{"rendered":"<h3>Regrava\u00e7\u00e3o de cl\u00e1ssico do pagode dos anos 1990 est\u00e1 dispon\u00edvel nas plataformas digitais<\/h3>\n<p>Int\u00e9rprete peculiar, dona de bela voz, Bel\u00f4 Veloso est\u00e1 de volta \u00e0 cena musical brasileira, ap\u00f3s sentido hiato de alguns anos. Depois de lan\u00e7ar as recria\u00e7\u00f5es de <em>Eu sei de cor<\/em> (Mar\u00edlia Mendon\u00e7a) e <em>Firme forte<\/em> (Psirico), ela acaba de chegar \u00e0s plataformas digitais com com nova vers\u00e3o de<em> \u00c9 tarde demais<\/em>, do Ra\u00e7a Negra, um dos maiores sucessos da d\u00e9cada de 1990. O samba, parceria de Elias Muniz e Luiz Carlos (vocalista do grupo de pagode paulistano), \u00e9 mais um single, que a exemplo dos dois anteriores, sai pela gravadora Biscoito Fino.<\/p>\n<p>&#8220;Sou apaixonada por esta can\u00e7\u00e3o. Gosto muito do pagode dos anos 1990 e esse cl\u00e1ssico do Ra\u00e7a Negra ficou no meu imagin\u00e1rio afetivo&#8221;, ressalta Bel\u00f4, baiana de Santo Amaro da Purifica\u00e7\u00e3o, filha da poeta Mabel Velloso, sobrinha de Maria Beth\u00e2nia e Caetano Veloso, de quem \u00e9 afilhada. &#8220;Ao regrav\u00e1-la quis trazer frescor par<em>a \u00c9 tarde demais<\/em>, com uma levada pop ac\u00fastico. Acredito que os anos 1990 s\u00e3o presen\u00e7a importante no novo cen\u00e1rio, por sua est\u00e9tica, sonoridade e for\u00e7a, que vai al\u00e9m da m\u00fasica. A influ\u00eancia \u00e9 latente tamb\u00e9m em outros segmentos art\u00edsticos&#8221;, acrescenta. Ela assina a cria\u00e7\u00e3o, concep\u00e7\u00e3o de arranjo e dire\u00e7\u00e3o do single. O arranjo e o viol\u00e3o s\u00e3o de Luciano Salvador Bahia e o baixo de Natinho.<\/p>\n<p><iframe loading=\"lazy\" title=\"\u00c9 Tarde Demais | Bel\u00f4 Velloso\" width=\"1440\" height=\"810\" src=\"https:\/\/www.youtube.com\/embed\/FPupk-SmiXw?feature=oembed\" frameborder=\"0\" allow=\"accelerometer; autoplay; clipboard-write; encrypted-media; gyroscope; picture-in-picture; web-share\" referrerpolicy=\"strict-origin-when-cross-origin\" allowfullscreen><\/iframe><\/p>\n<p>Em 25 anos de carreira, Bel\u00f4 lan\u00e7ou nove \u00e1lbuns, participou de v\u00e1rias colet\u00e2neas, nos quais gravou composi\u00e7\u00f5es de Caetano Veloso, Jorge Benjor e Carlinhos Brown, entre outros; e fez muito sucesso com<em> Toda sexta-feira<\/em>, de Adriana Calcanhotto. Trecho da letra diz: &#8220;Toda sexta-feira\/ Toda roupa \u00e9 branca\/ Toda pele \u00e9 preta\/ Todo mundo canta\/ Todo c\u00e9u magenta&#8230;&#8221;. Em 2004, a cantora percorreu 30 cidades dos Estados Unidos com a turn\u00ea<em> Women of Latin America<\/em>, recebendo elogios do <em>The New York Times<\/em>.<\/p>\n","protected":false},"excerpt":{"rendered":"<p>Regrava\u00e7\u00e3o de cl\u00e1ssico do pagode dos anos 1990 est\u00e1 dispon\u00edvel nas plataformas digitais<\/p>\n","protected":false},"author":84,"featured_media":1624,"comment_status":"open","ping_status":"open","sticky":false,"template":"","format":"standard","meta":{"footnotes":""},"categories":[113],"tags":[],"class_list":["post-1623","post","type-post","status-publish","format-standard","has-post-thumbnail","hentry","category-materia"],"_links":{"self":[{"href":"https:\/\/blogs.correiobraziliense.com.br\/trilhasonora\/wp-json\/wp\/v2\/posts\/1623","targetHints":{"allow":["GET"]}}],"collection":[{"href":"https:\/\/blogs.correiobraziliense.com.br\/trilhasonora\/wp-json\/wp\/v2\/posts"}],"about":[{"href":"https:\/\/blogs.correiobraziliense.com.br\/trilhasonora\/wp-json\/wp\/v2\/types\/post"}],"author":[{"embeddable":true,"href":"https:\/\/blogs.correiobraziliense.com.br\/trilhasonora\/wp-json\/wp\/v2\/users\/84"}],"replies":[{"embeddable":true,"href":"https:\/\/blogs.correiobraziliense.com.br\/trilhasonora\/wp-json\/wp\/v2\/comments?post=1623"}],"version-history":[{"count":1,"href":"https:\/\/blogs.correiobraziliense.com.br\/trilhasonora\/wp-json\/wp\/v2\/posts\/1623\/revisions"}],"predecessor-version":[{"id":1625,"href":"https:\/\/blogs.correiobraziliense.com.br\/trilhasonora\/wp-json\/wp\/v2\/posts\/1623\/revisions\/1625"}],"wp:featuredmedia":[{"embeddable":true,"href":"https:\/\/blogs.correiobraziliense.com.br\/trilhasonora\/wp-json\/wp\/v2\/media\/1624"}],"wp:attachment":[{"href":"https:\/\/blogs.correiobraziliense.com.br\/trilhasonora\/wp-json\/wp\/v2\/media?parent=1623"}],"wp:term":[{"taxonomy":"category","embeddable":true,"href":"https:\/\/blogs.correiobraziliense.com.br\/trilhasonora\/wp-json\/wp\/v2\/categories?post=1623"},{"taxonomy":"post_tag","embeddable":true,"href":"https:\/\/blogs.correiobraziliense.com.br\/trilhasonora\/wp-json\/wp\/v2\/tags?post=1623"}],"curies":[{"name":"wp","href":"https:\/\/api.w.org\/{rel}","templated":true}]}}