{"id":1618,"date":"2021-02-05T06:45:36","date_gmt":"2021-02-05T09:45:36","guid":{"rendered":"https:\/\/blogs.correiobraziliense.com.br\/trilhasonora\/?p=1618"},"modified":"2021-02-05T17:44:46","modified_gmt":"2021-02-05T20:44:46","slug":"comeca-nesta-sexta-a-flisamba-festa-literaria-do-samba-e-resistencia-cultural","status":"publish","type":"post","link":"https:\/\/blogs.correiobraziliense.com.br\/trilhasonora\/comeca-nesta-sexta-a-flisamba-festa-literaria-do-samba-e-resistencia-cultural\/","title":{"rendered":"Come\u00e7a na segunda-feira a FliSamba &#8212; Festa Liter\u00e1ria do Samba e Resist\u00eancia Cultural"},"content":{"rendered":"<h3>Evento tem como objetivo celebrar hist\u00f3rias de protagonismo negro<\/h3>\n<p>Valorizar a diversidade da cultura negra, unir o samba e outros ritmos tradicionais \u00e0 produ\u00e7\u00e3o liter\u00e1ria e celebrar hist\u00f3rias de protagonismo negro. Esses s\u00e3o os objetivos da FliSamba, Festa Liter\u00e1ria do Samba e Resist\u00eancia Cultural, que chega a 2021 como revista eletr\u00f4nica. Realizada originalmente na sede do Clube Renascen\u00e7a, na Zona Norte do Rio de Janeiro, desta vez, em fun\u00e7\u00e3o da pandemia de covid-19, toda a programa\u00e7\u00e3o, a partir de segunda-feira (8\/2), das 17h \u00e0s 22h, ser\u00e1 no formato on-line, com transmiss\u00e3o pelas redes sociais do<a href=\"https:\/\/www.youtube.com\/user\/Cultne\"> Acervo Cultne<\/a>, com a condu\u00e7\u00e3o da atriz Lica Oliveira e do ator Rodrigo Fran\u00e7a.<\/p>\n<p>&#8220;A diferen\u00e7a desta edi\u00e7\u00e3o \u00e9 a possibilidade de levar o clima da FliSamba, uma festa muito carioca, para o Brasil e, nessa oportunidade casar melhores momentos de outras edi\u00e7\u00f5es, presen\u00e7a ilustres e queridas do cen\u00e1rio nacional, com novidades, participa\u00e7\u00f5es em v\u00eddeos, lan\u00e7amentos e resgates&#8221;, ressalta Fil\u00f3 Filho, idealizador do evento. &#8220;O <a href=\"https:\/\/www.correiobraziliense.com.br\/diversao-e-arte\/2020\/12\/4893708-acervo-cultne-completa-40-anos-de-registros-da-historia-negra-do-brasil.html\">Acervo Cultne<\/a> tem compromisso de manter viva a mem\u00f3ria do povo negro no audiovisual e temos forte liga\u00e7\u00e3o com as artes. \u00c9 o nosso jeito de conseguir manter a miss\u00e3o viva, mesmo em tempos da pandemia e fortalecer o la\u00e7o entre o samba e a literatura&#8221;.<\/p>\n<p>Martinho da Vila \u00e9 o grande homenageado da quarta edi\u00e7\u00e3o da FliSamba. Al\u00e9m de destacar a trajet\u00f3ria do cantor, compositor e escritor, ligado \u00e0 Vila Isabel, a Festa vai reverenciar outros personagens do samba carioca: Tia Surica, integrante da Velha Guarda da Portela; e Tia Gessi, produtora de tradicional pagode \u00e0s segundas-feiras, em Cachambi, no sub\u00farbio de Pilares; e, em em mem\u00f3ria, Djalma Sabi\u00e1, fundador do Salgueiro; assim como a professora Helena Teodoro.<\/p>\n<p><iframe loading=\"lazy\" title=\"Flisamba com Martinho Vila\" width=\"1440\" height=\"810\" src=\"https:\/\/www.youtube.com\/embed\/02sfhhu8yY8?feature=oembed\" frameborder=\"0\" allow=\"accelerometer; autoplay; clipboard-write; encrypted-media; gyroscope; picture-in-picture; web-share\" referrerpolicy=\"strict-origin-when-cross-origin\" allowfullscreen><\/iframe><\/p>\n<p>Outros destaques da FliSamba s\u00e3o o semin\u00e1rio Ax\u00e9 e Carnaval &#8212; O samba no combate \u00e0 intoler\u00e2ncia religiosa, com a participa\u00e7\u00e3o de Haroldo Costa e Luiz Ant\u00f4nio Simas (escritores), Leonardo Bora (carnavalesco), Fl\u00e1via Oliveira (jornalista), Ivana dos Santos (babalorix\u00e1), entre outros; e o foco sobre o audio-visual Noitada de Samba &#8212; Foco de resist\u00eancia (que ocorria no Teatro Opini\u00e3o, no Shopping Copacabana, na d\u00e9cada de 1970) de Cely Leal, com base no livro de t\u00edtulo hom\u00f4nimo, escrito por M\u00e1rcia Guimar\u00e3es.<\/p>\n<p>A Festa Liter\u00e1ria do Samba conta tamb\u00e9m entre os participantes com nomes representativos da comunidade liter\u00e1ria, como Concei\u00e7\u00e3o Evaristo, Ele Semog e Nelson Maca com entrevistas e depoimentos em spots de v\u00eddeo. Um outro v\u00eddeo a ser exibido \u00e9 o show <em>Canto do Urubu<\/em>, de 2018, protagonizado por cantores e compositores torcedores do Flamengo, entre os quais Neguinho da Beija-Flor, Xande de Pilares, Dudu Nobre, Anderson Molejo, Sandra de S\u00e1, Mariene de Castro.<\/p>\n","protected":false},"excerpt":{"rendered":"<p>Evento tem como objetivo celebrar hist\u00f3rias de protagonismo negro<\/p>\n","protected":false},"author":84,"featured_media":1619,"comment_status":"open","ping_status":"open","sticky":false,"template":"","format":"standard","meta":{"footnotes":""},"categories":[113],"tags":[],"class_list":["post-1618","post","type-post","status-publish","format-standard","has-post-thumbnail","hentry","category-materia"],"_links":{"self":[{"href":"https:\/\/blogs.correiobraziliense.com.br\/trilhasonora\/wp-json\/wp\/v2\/posts\/1618","targetHints":{"allow":["GET"]}}],"collection":[{"href":"https:\/\/blogs.correiobraziliense.com.br\/trilhasonora\/wp-json\/wp\/v2\/posts"}],"about":[{"href":"https:\/\/blogs.correiobraziliense.com.br\/trilhasonora\/wp-json\/wp\/v2\/types\/post"}],"author":[{"embeddable":true,"href":"https:\/\/blogs.correiobraziliense.com.br\/trilhasonora\/wp-json\/wp\/v2\/users\/84"}],"replies":[{"embeddable":true,"href":"https:\/\/blogs.correiobraziliense.com.br\/trilhasonora\/wp-json\/wp\/v2\/comments?post=1618"}],"version-history":[{"count":3,"href":"https:\/\/blogs.correiobraziliense.com.br\/trilhasonora\/wp-json\/wp\/v2\/posts\/1618\/revisions"}],"predecessor-version":[{"id":1622,"href":"https:\/\/blogs.correiobraziliense.com.br\/trilhasonora\/wp-json\/wp\/v2\/posts\/1618\/revisions\/1622"}],"wp:featuredmedia":[{"embeddable":true,"href":"https:\/\/blogs.correiobraziliense.com.br\/trilhasonora\/wp-json\/wp\/v2\/media\/1619"}],"wp:attachment":[{"href":"https:\/\/blogs.correiobraziliense.com.br\/trilhasonora\/wp-json\/wp\/v2\/media?parent=1618"}],"wp:term":[{"taxonomy":"category","embeddable":true,"href":"https:\/\/blogs.correiobraziliense.com.br\/trilhasonora\/wp-json\/wp\/v2\/categories?post=1618"},{"taxonomy":"post_tag","embeddable":true,"href":"https:\/\/blogs.correiobraziliense.com.br\/trilhasonora\/wp-json\/wp\/v2\/tags?post=1618"}],"curies":[{"name":"wp","href":"https:\/\/api.w.org\/{rel}","templated":true}]}}