{"id":1602,"date":"2021-01-15T16:45:44","date_gmt":"2021-01-15T19:45:44","guid":{"rendered":"https:\/\/blogs.correiobraziliense.com.br\/trilhasonora\/?p=1602"},"modified":"2021-01-15T17:27:20","modified_gmt":"2021-01-15T20:27:20","slug":"ccbb-promove-em-fevereiro-o-show-ze-keti-100-anos-da-voz-do-morro","status":"publish","type":"post","link":"https:\/\/blogs.correiobraziliense.com.br\/trilhasonora\/ccbb-promove-em-fevereiro-o-show-ze-keti-100-anos-da-voz-do-morro\/","title":{"rendered":"CCBB promove em fevereiro o projeto &#8216;Z\u00e9 Keti &#8212; 100 anos da Voz do Morro&#8217;"},"content":{"rendered":"<h3>Centen\u00e1rio do sambista carioca \u00e9 homenageado com uma s\u00e9rie de quatro shows em fevereiro<\/h3>\n<p>O centen\u00e1rio de Z\u00e9 Keti, um dos mais importantes compositores e sambistas carioca, ser\u00e1 celebrado com o projeto <em>100 Anos da Voz do Moro<\/em>, que ocupa o palco do Centro Cultural Banco do Brasil de Bras\u00edlia de 10 de fevereiro a 3 de mar\u00e7o. A s\u00e9rie de shows in\u00e9ditos, ocorrer\u00e1 \u00e0s quartas-feiras, com in\u00edcio \u00e0s 19h, precedido de palestras dos artistas participantes sobre temas atuais, que remetem \u00e0 m\u00fasicas do homenageado.<\/p>\n<p>Quem abre a s\u00e9rie, no dia 10 do pr\u00f3ximo m\u00eas, com o show <em>Eu sou o samba<\/em>, \u00e9 o cantor Jo\u00e3o Cavalcanti, com a participa\u00e7\u00e3o da cantora Fabiana Cozza. Na sequ\u00eancia, dia 17, Z\u00e9 Renato e Cristov\u00e3o Bastos far\u00e3o o show <em>Z\u00e9 Keti e o Cinema<\/em>; no dia 24, Sururu na Roda e Moacyr Luz apresentar\u00e3o <em>Diz que fui por a\u00ed<\/em>. No encerramento, dia 3 de mar\u00e7o, o show <em>Um sambista de opini\u00e3o<\/em> contar\u00e1 com o grupo Casuarina e a cantora Nilze Carvalho..<\/p>\n<p>Jos\u00e9 Flores de Jesus, o Z\u00e9 Keti, foi criado em ambiente musical. O pai era cavaquinista e o av\u00f4 flautista e pianista, na casa de que eram frequentes rodas de choro, com a presen\u00e7a de mestres do g\u00eanero, entre eles o genial Pixinguinha. Cl\u00e1ssicos da MPB como <em>Acender as velas, A voz do morro<\/em>,<em> Diz que fui por a\u00ed<\/em>,<em> Mascarada<\/em> e <em>M\u00e1scara negra<\/em>, t\u00eam a assinatura do compositor, que foi gravado por Elis Regina, Jair Rodrigues, Luis Melodia, Maria Rita e Dem\u00f4nios da Garoa, entre outros. Z\u00e9 Keti formou com Paulinho da Viola, Elton Medeiros, Jair do Cavaquinho e Nelson Sargento, o grupo A Voz do Moro.<\/p>\n<p>O projeto retoma a programa\u00e7\u00e3o musical presencial do CCBB, respeitando todas as exig\u00eancias das autoridades sanit\u00e1rias em fun\u00e7\u00e3o da pandemia de covid-19, oferecendo 150 lugares. Dez ser\u00e3o destinados para cadeirantes. Obesos e pessoas com mobilidade reduzida ter\u00e3o direito a tr\u00eas ingressos, que custar\u00e3o R$ 30 e R$ 15 (meia-entrada) tamb\u00e9m para clientes do Banco do Brasil, estudantes, professores e maiores de 60 anos, portadores de defici\u00eancia f\u00edsica e acompanhantes.<\/p>\n<p>https:\/\/www.youtube.com\/watch?v=pWw1IiCFd28<\/p>\n","protected":false},"excerpt":{"rendered":"<p>Projeto homenageia o sambista carioca com uma s\u00e9rie de quatro shows no CCBB Bras\u00edlia<\/p>\n","protected":false},"author":84,"featured_media":1603,"comment_status":"open","ping_status":"open","sticky":false,"template":"","format":"standard","meta":{"footnotes":""},"categories":[113],"tags":[26,106,204,21,203],"class_list":["post-1602","post","type-post","status-publish","format-standard","has-post-thumbnail","hentry","category-materia","tag-brasilia","tag-ccbb","tag-centenario","tag-show","tag-ze-keti"],"_links":{"self":[{"href":"https:\/\/blogs.correiobraziliense.com.br\/trilhasonora\/wp-json\/wp\/v2\/posts\/1602","targetHints":{"allow":["GET"]}}],"collection":[{"href":"https:\/\/blogs.correiobraziliense.com.br\/trilhasonora\/wp-json\/wp\/v2\/posts"}],"about":[{"href":"https:\/\/blogs.correiobraziliense.com.br\/trilhasonora\/wp-json\/wp\/v2\/types\/post"}],"author":[{"embeddable":true,"href":"https:\/\/blogs.correiobraziliense.com.br\/trilhasonora\/wp-json\/wp\/v2\/users\/84"}],"replies":[{"embeddable":true,"href":"https:\/\/blogs.correiobraziliense.com.br\/trilhasonora\/wp-json\/wp\/v2\/comments?post=1602"}],"version-history":[{"count":3,"href":"https:\/\/blogs.correiobraziliense.com.br\/trilhasonora\/wp-json\/wp\/v2\/posts\/1602\/revisions"}],"predecessor-version":[{"id":1606,"href":"https:\/\/blogs.correiobraziliense.com.br\/trilhasonora\/wp-json\/wp\/v2\/posts\/1602\/revisions\/1606"}],"wp:featuredmedia":[{"embeddable":true,"href":"https:\/\/blogs.correiobraziliense.com.br\/trilhasonora\/wp-json\/wp\/v2\/media\/1603"}],"wp:attachment":[{"href":"https:\/\/blogs.correiobraziliense.com.br\/trilhasonora\/wp-json\/wp\/v2\/media?parent=1602"}],"wp:term":[{"taxonomy":"category","embeddable":true,"href":"https:\/\/blogs.correiobraziliense.com.br\/trilhasonora\/wp-json\/wp\/v2\/categories?post=1602"},{"taxonomy":"post_tag","embeddable":true,"href":"https:\/\/blogs.correiobraziliense.com.br\/trilhasonora\/wp-json\/wp\/v2\/tags?post=1602"}],"curies":[{"name":"wp","href":"https:\/\/api.w.org\/{rel}","templated":true}]}}