{"id":1570,"date":"2020-12-20T13:45:15","date_gmt":"2020-12-20T16:45:15","guid":{"rendered":"https:\/\/blogs.correiobraziliense.com.br\/trilhasonora\/?p=1570"},"modified":"2020-12-20T16:49:01","modified_gmt":"2020-12-20T19:49:01","slug":"emocao-homenagens-e-reflexao-em-vai-ter-natal-live-de-caetano-veloso","status":"publish","type":"post","link":"https:\/\/blogs.correiobraziliense.com.br\/trilhasonora\/emocao-homenagens-e-reflexao-em-vai-ter-natal-live-de-caetano-veloso\/","title":{"rendered":"Emo\u00e7\u00e3o, homenagens e reflex\u00e3o em &#8216;Vai ter Natal&#8217;, live de Caetano Veloso"},"content":{"rendered":"<h3><span style=\"font-size: large\"><b>Na aguardada live, Caetano Veloso revisita a carreira de mais de 50 anos<\/b><\/span><\/h3>\n<div>\n<p><span style=\"font-size: large\">\u00a0 \u00a0 \u00a0 \u00a0 \u00a0 \u00a0Um presente e tanto! Em\u00a0<i>Vai ter Natal<\/i>, durante uma hora e meia, Caetano Veloso proporcionou momentos de pleno enlevo a quem assistiu \u00e0 live<i>,\u00a0<\/i>apresentada ontem (19\/12), no Teatro Claro, em Copacabana, no Rio de Janeiro, e transmitida\u00a0pelo canal Like. Num recital quase informal, de voz e viol\u00e3o, o \u00edcone da MPB revisitou can\u00e7\u00f5es marcantes de sua obra em mais de 50 anos de carreira. Ele emocionou os f\u00e3s ao interpretar cl\u00e1ssicos como\u00a0<i>Avarandado\u00a0<\/i>(uma das primeiras m\u00fasicas que comp\u00f4s),\u00a0<i>N\u00e3o identificado, Caju\u00edna &#8212;\u00a0<\/i>que fez para homenagear Torquato Neto, companheiro do movimento tropicalista &#8211;,<i>\u00a0Le\u00e3ozinho<\/i>,\u00a0<i>Sampa<\/i>, <em>Terra<\/em>,\u00a0<i>Tigresa,<\/i>\u00a0<i>Luz do sol\u00a0<\/i>e\u00a0<i>Luz de Tieta<\/i>.<\/span><\/p>\n<div><span style=\"font-size: large\">\u00a0 \u00a0 \u00a0 \u00a0 \u00a0 \u00a0 \u00a0<\/span><\/div>\n<div><span style=\"font-size: large\">\u00a0 \u00a0 \u00a0 \u00a0 \u00a0 \u00a0 \u00a0O show teve um car\u00e1ter bem familiar. Produzido pela mulher Paula Lavigne, houve a participa\u00e7\u00e3o dos filhos. Com Zeca, Caetano dividiu a interpreta\u00e7\u00e3o de\u00a0<i>White\u00a0Christmas<\/i>. Tom, al\u00e9m de exibir talento instrumental, acompanhando o pai ao viol\u00e3o num dos n\u00fameros, viu o \u00eddolo cantar a in\u00e9dita\u00a0<i>Alto acalanto<\/i>,\u00a0composi\u00e7\u00e3o feita para o neto, Benjamim -, filho do ca\u00e7ula dos Veloso.\u00a0J\u00e1 Moreno, tocou prato em\u00a0<i>Reconvexo<\/i>, como se estivesse num samba de roda no Rec\u00f4ncavo Baiano. No repert\u00f3rio foi inclu\u00edda a pouco conhecida\u00a0<i>Noite de cristal<\/i>, feita para a irm\u00e3 Maria Beth\u00e2nia.<\/span><\/div>\n<div><span style=\"font-size: large\">\u00a0 \u00a0 \u00a0 \u00a0<\/span><\/div>\n<div><span style=\"font-size: large\">\u00a0 \u00a0 \u00a0 \u00a0 \u00a0 \u00a0 \u00a0No show, as \u00fanicas can\u00e7\u00f5es que n\u00e3o tinham a assinatura do artista baiano eram a citada\u00a0<i>White\u00a0Christmas,\u00a0<\/i>do norte-americano Bing Crosby, e\u00a0<i>Boas festas<\/i>, do compositor santo-amarense Assis Valente, que levou Caetano a afirmar: &#8220;O maior acontecimento do mundo foi o nascimento de Jesus&#8221;, citando pensamento da fil\u00f3sofa alem\u00e3 Hannah Arendt.\u00a0Ao falar sobre as diferen\u00e7as entre as comemora\u00e7\u00f5es do Natal no Brasil e nos Estados Unidos ele\u00a0 relembrou dos pres\u00e9pios, que tanto admirava na inf\u00e2ncia, montados pelas fam\u00edlias em Santo Amaro sua terra natal. &#8220;Natal remete a luzes e a ceia&#8221;. No encerramento da live, ouviu-se\u00a0<i>Gente<\/i>, cujo verso final diz: &#8220;Gente \u00e9 pra brilhar\/\u00a0N\u00e3o pra morrer de fome&#8221;.<\/span><\/div>\n<div><\/div>\n<div>\n<p><iframe loading=\"lazy\" title=\"LIVE do Caetano de Natal #LivedoCaetanodeNatal\" width=\"1440\" height=\"810\" src=\"https:\/\/www.youtube.com\/embed\/MxKGIhqfHVs?feature=oembed\" frameborder=\"0\" allow=\"accelerometer; autoplay; clipboard-write; encrypted-media; gyroscope; picture-in-picture; web-share\" referrerpolicy=\"strict-origin-when-cross-origin\" allowfullscreen><\/iframe><\/p>\n<\/div>\n<\/div>\n","protected":false},"excerpt":{"rendered":"<p>Na aguardada live, Caetano Veloso revisita a carreira de mais de 50 anos<\/p>\n","protected":false},"author":84,"featured_media":1571,"comment_status":"open","ping_status":"open","sticky":false,"template":"","format":"standard","meta":{"footnotes":""},"categories":[113],"tags":[58,201,202],"class_list":["post-1570","post","type-post","status-publish","format-standard","has-post-thumbnail","hentry","category-materia","tag-caetano-veloso","tag-live","tag-natal"],"_links":{"self":[{"href":"https:\/\/blogs.correiobraziliense.com.br\/trilhasonora\/wp-json\/wp\/v2\/posts\/1570","targetHints":{"allow":["GET"]}}],"collection":[{"href":"https:\/\/blogs.correiobraziliense.com.br\/trilhasonora\/wp-json\/wp\/v2\/posts"}],"about":[{"href":"https:\/\/blogs.correiobraziliense.com.br\/trilhasonora\/wp-json\/wp\/v2\/types\/post"}],"author":[{"embeddable":true,"href":"https:\/\/blogs.correiobraziliense.com.br\/trilhasonora\/wp-json\/wp\/v2\/users\/84"}],"replies":[{"embeddable":true,"href":"https:\/\/blogs.correiobraziliense.com.br\/trilhasonora\/wp-json\/wp\/v2\/comments?post=1570"}],"version-history":[{"count":4,"href":"https:\/\/blogs.correiobraziliense.com.br\/trilhasonora\/wp-json\/wp\/v2\/posts\/1570\/revisions"}],"predecessor-version":[{"id":1575,"href":"https:\/\/blogs.correiobraziliense.com.br\/trilhasonora\/wp-json\/wp\/v2\/posts\/1570\/revisions\/1575"}],"wp:featuredmedia":[{"embeddable":true,"href":"https:\/\/blogs.correiobraziliense.com.br\/trilhasonora\/wp-json\/wp\/v2\/media\/1571"}],"wp:attachment":[{"href":"https:\/\/blogs.correiobraziliense.com.br\/trilhasonora\/wp-json\/wp\/v2\/media?parent=1570"}],"wp:term":[{"taxonomy":"category","embeddable":true,"href":"https:\/\/blogs.correiobraziliense.com.br\/trilhasonora\/wp-json\/wp\/v2\/categories?post=1570"},{"taxonomy":"post_tag","embeddable":true,"href":"https:\/\/blogs.correiobraziliense.com.br\/trilhasonora\/wp-json\/wp\/v2\/tags?post=1570"}],"curies":[{"name":"wp","href":"https:\/\/api.w.org\/{rel}","templated":true}]}}