{"id":1567,"date":"2020-12-20T06:44:42","date_gmt":"2020-12-20T09:44:42","guid":{"rendered":"https:\/\/blogs.correiobraziliense.com.br\/trilhasonora\/?p=1567"},"modified":"2020-12-18T21:54:05","modified_gmt":"2020-12-19T00:54:05","slug":"a-hora-da-estrela-o-canto-de-macabea","status":"publish","type":"post","link":"https:\/\/blogs.correiobraziliense.com.br\/trilhasonora\/a-hora-da-estrela-o-canto-de-macabea\/","title":{"rendered":"A hora da estrela &#8212; O canto de Macab\u00e9a"},"content":{"rendered":"<h3>Espet\u00e1culo com Laila Garin celebra o centen\u00e1rio de Clarice Lispector<\/h3>\n<p>O musical de <em>A hora da estrela<\/em>, que tem por base o \u00faltimo livro de Clarice Lispector, celebra o centen\u00e1rio da escritora, protagonizado pela cantora e atriz Laila Garin, e participa\u00e7\u00e3o de Cl\u00e1udia Ventura e Cl\u00e1udio Gabriel, ser\u00e1 encenado hoje (20\/12), \u00e0s 18h. A adapta\u00e7\u00e3o foi feita por Andr\u00e9 Paes Leme, respons\u00e1vel tamb\u00e9m pela dire\u00e7\u00e3o, enquanto Marcelo Caldi assina a dire\u00e7\u00e3o musical. Autor da trilha sonora, Chico C\u00e9sar fez um conjunto de can\u00e7\u00f5es in\u00e9ditas, com trechos musicados do livro e cria\u00e7\u00f5es livres, com base na obra da autora. Haver\u00e1 transmiss\u00e3o ao vivo pelo Canal Arte 1 e YouTube da <a href=\"https:\/\/www.youtube.com\/channel\/UCvqaj0joVE2A0PwALIsON3w\">Sarau Ag\u00eancia,<\/a> respons\u00e1vel pela produ\u00e7\u00e3o.<\/p>\n<p><em>A hora da estrela<\/em> narra a saga de Macab\u00e9a, imigrante nordestina cuja vida no Rio de Janeiro \u00e9 marcada pela aus\u00eancia de afeto. Ela passa a ser vista como uma mulher desprovida de qualquer atrativo, que n\u00e3o chama a aten\u00e7\u00e3o de ningu\u00e9m. Para esta nova vers\u00e3o teatral, Andr\u00e9 Paes Leme fez uma adapta\u00e7\u00e3o, que segundo ele, n\u00e3o \u00e9 o trabalho de reescrever o texto. &#8220;\u00c9 o trabalho de transportar o universo sem estar aprisionado a qualquer palavra, atrav\u00e9s da edi\u00e7\u00e3o e deslocamentos de epis\u00f3dios. Houve tamb\u00e9m a recondu\u00e7\u00e3o dos textos da escritora para a atriz&#8221;, explica o diretor. &#8220;Ele n\u00e3o fez somente o uso de di\u00e1logos, mas coloca os atores como narradores enquanto contracenam&#8221;, explica.<\/p>\n<p>Macab\u00e9a dessa nova montagem de <em>A hora da estrela<\/em>, Laila Garin se tornou conhecida ao dar vida a Elis Regina em <em>Elis &#8212; A Musical<\/em>, espet\u00e1culo que lhe valeu pr\u00eamios e elogios. Ela protagonizou tamb\u00e9m <em>Gota d&#8217;\u00b4Agua (\u00c0 seco)<\/em>, que h\u00e1 dois anos esteve em cartaz no Teatro da Unip, aqui na cidade. &#8220;Interpretar Macab\u00e9a, as can\u00e7\u00f5es de Chico C\u00e9sar e ser dirigida por Andr\u00e9 Paes Leme seriam motivos mais que especiais para estar em cena. Mas fazer <em>A hora da estrela<\/em> vai al\u00e9m. \u00c9 um espet\u00e1culo que diz o que quer\u00edamos falar neste momento. \u00c9 um grito de indigna\u00e7\u00e3o com muita poesia, a luta com as armas que temos&#8221;, ressalta a atriz, &#8220;O conto de Macab\u00e9a fala das pessoas supostamente invis\u00edveis, de solidariedade, de olhar para o outro com afeto&#8221;, ressalta Garin.<\/p>\n<p>https:\/\/www.youtube.com\/watch?v=6ELsuTnOddI<\/p>\n","protected":false},"excerpt":{"rendered":"<p>Espet\u00e1culo com Laila Garin celebra o centen\u00e1rio de Clarice Lispector<\/p>\n","protected":false},"author":84,"featured_media":1568,"comment_status":"open","ping_status":"open","sticky":false,"template":"","format":"standard","meta":{"footnotes":""},"categories":[113],"tags":[],"class_list":["post-1567","post","type-post","status-publish","format-standard","has-post-thumbnail","hentry","category-materia"],"_links":{"self":[{"href":"https:\/\/blogs.correiobraziliense.com.br\/trilhasonora\/wp-json\/wp\/v2\/posts\/1567","targetHints":{"allow":["GET"]}}],"collection":[{"href":"https:\/\/blogs.correiobraziliense.com.br\/trilhasonora\/wp-json\/wp\/v2\/posts"}],"about":[{"href":"https:\/\/blogs.correiobraziliense.com.br\/trilhasonora\/wp-json\/wp\/v2\/types\/post"}],"author":[{"embeddable":true,"href":"https:\/\/blogs.correiobraziliense.com.br\/trilhasonora\/wp-json\/wp\/v2\/users\/84"}],"replies":[{"embeddable":true,"href":"https:\/\/blogs.correiobraziliense.com.br\/trilhasonora\/wp-json\/wp\/v2\/comments?post=1567"}],"version-history":[{"count":1,"href":"https:\/\/blogs.correiobraziliense.com.br\/trilhasonora\/wp-json\/wp\/v2\/posts\/1567\/revisions"}],"predecessor-version":[{"id":1569,"href":"https:\/\/blogs.correiobraziliense.com.br\/trilhasonora\/wp-json\/wp\/v2\/posts\/1567\/revisions\/1569"}],"wp:featuredmedia":[{"embeddable":true,"href":"https:\/\/blogs.correiobraziliense.com.br\/trilhasonora\/wp-json\/wp\/v2\/media\/1568"}],"wp:attachment":[{"href":"https:\/\/blogs.correiobraziliense.com.br\/trilhasonora\/wp-json\/wp\/v2\/media?parent=1567"}],"wp:term":[{"taxonomy":"category","embeddable":true,"href":"https:\/\/blogs.correiobraziliense.com.br\/trilhasonora\/wp-json\/wp\/v2\/categories?post=1567"},{"taxonomy":"post_tag","embeddable":true,"href":"https:\/\/blogs.correiobraziliense.com.br\/trilhasonora\/wp-json\/wp\/v2\/tags?post=1567"}],"curies":[{"name":"wp","href":"https:\/\/api.w.org\/{rel}","templated":true}]}}