{"id":1550,"date":"2020-12-11T06:53:17","date_gmt":"2020-12-11T09:53:17","guid":{"rendered":"https:\/\/blogs.correiobraziliense.com.br\/trilhasonora\/?p=1550"},"modified":"2020-12-11T12:48:01","modified_gmt":"2020-12-11T15:48:01","slug":"sons-da-noite-recital-faz-tributo-a-vinicius-de-moraes-e-fernando-pessoa-no-ccbb","status":"publish","type":"post","link":"https:\/\/blogs.correiobraziliense.com.br\/trilhasonora\/sons-da-noite-recital-faz-tributo-a-vinicius-de-moraes-e-fernando-pessoa-no-ccbb\/","title":{"rendered":"Sons da Noite: Recital faz tributo a Vinicius de Moraes e Fernando Pessoa no CCBB"},"content":{"rendered":"<p><strong>Vinicius e Pessoa em tributo<\/strong><\/p>\n<p><em>Poema bar<\/em>, recital em tributo a Vinicius de Moraes e Fernando Pessoa, protagonizado pelo ator Alexandre Borges e com a participa\u00e7\u00e3o do pianista Jo\u00e3o Vasco e pelas cantoras Mariana de Moraes e Sofia Vit\u00f3ria, fecha a temporada no teatro do Centro Cultural Banco do Brasil de Bras\u00edlia neste final de semana com apresenta\u00e7\u00f5es de sexta (11) a domingo (13), \u00e0s 20h.<\/p>\n<p>No espet\u00e1culo h\u00e1 a participa\u00e7\u00e3o das brasilienses Cida Moreira (piano), Paula Zimbre (contrabaixo) e Thanise Silva (flauta transversal). Transmiss\u00e3o ao vivo pelo <a href=\"https:\/\/www.facebook.com\/ccbbbrasilia\/\">Facebook do CCBB<\/a> e pelos canais do <a href=\"https:\/\/www.youtube.com\/user\/bancodobrasil\">Poema bar no YouTube<\/a>.<\/p>\n<p><strong>Eu recomendo<\/strong><\/p>\n<p>Marcelo Lima lan\u00e7a na pr\u00f3xima ter\u00e7a-feira (14), em seu canal no YouTube, o s\u00e9timo \u00e1lbum de composi\u00e7\u00f5es autorais, que traz 13 faixas &#8212; sete cantadas e seis instrumentais &#8212; acompanhado pela banda Os Procurados e participa\u00e7\u00e3o de Andr\u00e9 Fanton, vocalista da Zero 10. De acordo com o multi-instrumentista brasiliense, o que ele faz \u00e9 MBM &#8212; M\u00fasica Brasileira do Mundo.<\/p>\n<p><iframe loading=\"lazy\" title=\"Video Clipe - Marcelo Lima\" width=\"1440\" height=\"810\" src=\"https:\/\/www.youtube.com\/embed\/qnan3se4b78?feature=oembed\" frameborder=\"0\" allow=\"accelerometer; autoplay; clipboard-write; encrypted-media; gyroscope; picture-in-picture; web-share\" referrerpolicy=\"strict-origin-when-cross-origin\" allowfullscreen><\/iframe><\/p>\n<p><strong>Ritmos diversos<\/strong><\/p>\n<p>De volta ao Caf\u00e9 Musical do Clube do Choro (Eixo Monumental), s\u00e1bado (12), \u00e0s 20h30, Teresa Lopes faz show em que passeia por repert\u00f3rio diversificado que inclui samba, black music, soul e jazz e ritmos nordestinos. Ela tem a companhia no palco do grupo instrumental da casa. Classifica\u00e7\u00e3o indicativa livre.<\/p>\n<p><strong>Standards de jazz<\/strong><\/p>\n<p>A cantora sueca Kajsa Beijeir interpreta standards de jazz em apresenta\u00e7\u00e3o sexta (11), \u00e0s 20h30, no Ticiana Werner Restaurante (201 Sul). Ela conta nos acompanhamentos com o pianista Fl\u00e1vio Silva e o contrabaixista Daniel Castro. Classifica\u00e7\u00e3o indicativa livre.<\/p>\n<p><strong>\u00d3pera Fid\u00e9lio<\/strong><\/p>\n<p>A Cia de Cantores L\u00edricos de Bras\u00edlia homenagear\u00e1 Ludwig van Beethoven, na passagem dos 250 anos, com a interpreta\u00e7\u00e3o da da \u00f3pera <em>Fid\u00e9lio<\/em>\u00a0&#8212; \u00fanica da obra do compositor alem\u00e3o &#8212; sem as cenas teatrais, sexta (11), \u00e0s 20h. A apresenta\u00e7\u00e3o ser\u00e1 no canal YouTube da Casa Thomas Jefferson.<\/p>\n<p><strong>Cl\u00e1ssicos da MPB<\/strong><\/p>\n<p><img loading=\"lazy\" decoding=\"async\" class=\"aligncenter size-full wp-image-1554\" src=\"https:\/\/blogs.correiobraziliense.com.br\/trilhasonora\/wp-content\/uploads\/sites\/39\/2020\/12\/20200422185739143865e.jpg\" alt=\"\" width=\"800\" height=\"532\" srcset=\"https:\/\/blogs.correiobraziliense.com.br\/trilhasonora\/wp-content\/uploads\/sites\/39\/2020\/12\/20200422185739143865e.jpg 800w, https:\/\/blogs.correiobraziliense.com.br\/trilhasonora\/wp-content\/uploads\/sites\/39\/2020\/12\/20200422185739143865e-300x200.jpg 300w, https:\/\/blogs.correiobraziliense.com.br\/trilhasonora\/wp-content\/uploads\/sites\/39\/2020\/12\/20200422185739143865e-768x511.jpg 768w, https:\/\/blogs.correiobraziliense.com.br\/trilhasonora\/wp-content\/uploads\/sites\/39\/2020\/12\/20200422185739143865e-550x366.jpg 550w, https:\/\/blogs.correiobraziliense.com.br\/trilhasonora\/wp-content\/uploads\/sites\/39\/2020\/12\/20200422185739143865e-230x153.jpg 230w\" sizes=\"auto, (max-width: 800px) 100vw, 800px\" \/><\/p>\n<p>Rosana Brown, que participou da edi\u00e7\u00e3o de 2019 do programa <em>The voice Brasil<\/em> \u00e9 destaque desta sexta-feira (11) na programa\u00e7\u00e3o do Dolce Far Niente (\u00c1guas Claras). Acompanhada por um trio, ela revisita cl\u00e1ssicos da MPB da d\u00e9cada de 1970 \u00e0 de 2000. Classifica\u00e7\u00e3o indicativa livre.<\/p>\n","protected":false},"excerpt":{"rendered":"<p>Vinicius e Pessoa em tributo Poema bar, recital em tributo a Vinicius de Moraes e Fernando Pessoa, protagonizado pelo ator Alexandre Borges e com a participa\u00e7\u00e3o do pianista Jo\u00e3o Vasco e pelas cantoras Mariana de Moraes e Sofia Vit\u00f3ria, fecha a temporada no teatro do Centro Cultural Banco do Brasil de Bras\u00edlia neste final de semana com apresenta\u00e7\u00f5es de sexta [&hellip;]<\/p>\n","protected":false},"author":84,"featured_media":1555,"comment_status":"open","ping_status":"open","sticky":false,"template":"","format":"standard","meta":{"footnotes":""},"categories":[1],"tags":[],"class_list":["post-1550","post","type-post","status-publish","format-standard","has-post-thumbnail","hentry","category-sem-categoria"],"_links":{"self":[{"href":"https:\/\/blogs.correiobraziliense.com.br\/trilhasonora\/wp-json\/wp\/v2\/posts\/1550","targetHints":{"allow":["GET"]}}],"collection":[{"href":"https:\/\/blogs.correiobraziliense.com.br\/trilhasonora\/wp-json\/wp\/v2\/posts"}],"about":[{"href":"https:\/\/blogs.correiobraziliense.com.br\/trilhasonora\/wp-json\/wp\/v2\/types\/post"}],"author":[{"embeddable":true,"href":"https:\/\/blogs.correiobraziliense.com.br\/trilhasonora\/wp-json\/wp\/v2\/users\/84"}],"replies":[{"embeddable":true,"href":"https:\/\/blogs.correiobraziliense.com.br\/trilhasonora\/wp-json\/wp\/v2\/comments?post=1550"}],"version-history":[{"count":5,"href":"https:\/\/blogs.correiobraziliense.com.br\/trilhasonora\/wp-json\/wp\/v2\/posts\/1550\/revisions"}],"predecessor-version":[{"id":1558,"href":"https:\/\/blogs.correiobraziliense.com.br\/trilhasonora\/wp-json\/wp\/v2\/posts\/1550\/revisions\/1558"}],"wp:featuredmedia":[{"embeddable":true,"href":"https:\/\/blogs.correiobraziliense.com.br\/trilhasonora\/wp-json\/wp\/v2\/media\/1555"}],"wp:attachment":[{"href":"https:\/\/blogs.correiobraziliense.com.br\/trilhasonora\/wp-json\/wp\/v2\/media?parent=1550"}],"wp:term":[{"taxonomy":"category","embeddable":true,"href":"https:\/\/blogs.correiobraziliense.com.br\/trilhasonora\/wp-json\/wp\/v2\/categories?post=1550"},{"taxonomy":"post_tag","embeddable":true,"href":"https:\/\/blogs.correiobraziliense.com.br\/trilhasonora\/wp-json\/wp\/v2\/tags?post=1550"}],"curies":[{"name":"wp","href":"https:\/\/api.w.org\/{rel}","templated":true}]}}