{"id":1542,"date":"2020-12-05T16:09:45","date_gmt":"2020-12-05T19:09:45","guid":{"rendered":"https:\/\/blogs.correiobraziliense.com.br\/trilhasonora\/?p=1542"},"modified":"2020-12-05T16:09:45","modified_gmt":"2020-12-05T19:09:45","slug":"a-essencia-roqueira-de-herbert-vianna","status":"publish","type":"post","link":"https:\/\/blogs.correiobraziliense.com.br\/trilhasonora\/a-essencia-roqueira-de-herbert-vianna\/","title":{"rendered":"A ess\u00eancia roqueira de Herbert Vianna"},"content":{"rendered":"<p>Cantor e compositor grava disco solo com faixas que fizeram parte da forma\u00e7\u00e3o musical dele. <a href=\"https:\/\/www.correiobraziliense.com.br\/diversao-e-arte\/2020\/12\/4893252-tenho-brasilia-como-a-minha-cidade-referencia-afirma-herbert-vianna.html\">Confira a mat\u00e9ria publicada neste s\u00e1bado (5\/12) na capa do caderno <em>Divers\u00e3o &amp; Arte<\/em> do <strong>Correio Braziliense<\/strong><\/a>.<\/p>\n<p><img loading=\"lazy\" decoding=\"async\" class=\"aligncenter size-large wp-image-1543\" src=\"https:\/\/blogs.correiobraziliense.com.br\/trilhasonora\/wp-content\/uploads\/sites\/39\/2020\/12\/hebert-584x1024.jpg\" alt=\"\" width=\"584\" height=\"1024\" srcset=\"https:\/\/blogs.correiobraziliense.com.br\/trilhasonora\/wp-content\/uploads\/sites\/39\/2020\/12\/hebert-584x1024.jpg 584w, https:\/\/blogs.correiobraziliense.com.br\/trilhasonora\/wp-content\/uploads\/sites\/39\/2020\/12\/hebert-171x300.jpg 171w, https:\/\/blogs.correiobraziliense.com.br\/trilhasonora\/wp-content\/uploads\/sites\/39\/2020\/12\/hebert-768x1346.jpg 768w, https:\/\/blogs.correiobraziliense.com.br\/trilhasonora\/wp-content\/uploads\/sites\/39\/2020\/12\/hebert.jpg 800w, https:\/\/blogs.correiobraziliense.com.br\/trilhasonora\/wp-content\/uploads\/sites\/39\/2020\/12\/hebert-550x964.jpg 550w, https:\/\/blogs.correiobraziliense.com.br\/trilhasonora\/wp-content\/uploads\/sites\/39\/2020\/12\/hebert-230x403.jpg 230w\" sizes=\"auto, (max-width: 584px) 100vw, 584px\" \/><\/p>\n","protected":false},"excerpt":{"rendered":"<p>Cantor e compositor grava disco solo com faixas que fizeram parte da forma\u00e7\u00e3o musical dele. Confira a mat\u00e9ria publicada neste s\u00e1bado (5\/12) na capa do caderno Divers\u00e3o &amp; Arte do Correio Braziliense.<\/p>\n","protected":false},"author":84,"featured_media":0,"comment_status":"open","ping_status":"open","sticky":false,"template":"","format":"standard","meta":{"footnotes":""},"categories":[1],"tags":[],"class_list":["post-1542","post","type-post","status-publish","format-standard","hentry","category-sem-categoria"],"_links":{"self":[{"href":"https:\/\/blogs.correiobraziliense.com.br\/trilhasonora\/wp-json\/wp\/v2\/posts\/1542","targetHints":{"allow":["GET"]}}],"collection":[{"href":"https:\/\/blogs.correiobraziliense.com.br\/trilhasonora\/wp-json\/wp\/v2\/posts"}],"about":[{"href":"https:\/\/blogs.correiobraziliense.com.br\/trilhasonora\/wp-json\/wp\/v2\/types\/post"}],"author":[{"embeddable":true,"href":"https:\/\/blogs.correiobraziliense.com.br\/trilhasonora\/wp-json\/wp\/v2\/users\/84"}],"replies":[{"embeddable":true,"href":"https:\/\/blogs.correiobraziliense.com.br\/trilhasonora\/wp-json\/wp\/v2\/comments?post=1542"}],"version-history":[{"count":1,"href":"https:\/\/blogs.correiobraziliense.com.br\/trilhasonora\/wp-json\/wp\/v2\/posts\/1542\/revisions"}],"predecessor-version":[{"id":1544,"href":"https:\/\/blogs.correiobraziliense.com.br\/trilhasonora\/wp-json\/wp\/v2\/posts\/1542\/revisions\/1544"}],"wp:attachment":[{"href":"https:\/\/blogs.correiobraziliense.com.br\/trilhasonora\/wp-json\/wp\/v2\/media?parent=1542"}],"wp:term":[{"taxonomy":"category","embeddable":true,"href":"https:\/\/blogs.correiobraziliense.com.br\/trilhasonora\/wp-json\/wp\/v2\/categories?post=1542"},{"taxonomy":"post_tag","embeddable":true,"href":"https:\/\/blogs.correiobraziliense.com.br\/trilhasonora\/wp-json\/wp\/v2\/tags?post=1542"}],"curies":[{"name":"wp","href":"https:\/\/api.w.org\/{rel}","templated":true}]}}