{"id":1537,"date":"2020-12-04T14:24:27","date_gmt":"2020-12-04T17:24:27","guid":{"rendered":"https:\/\/blogs.correiobraziliense.com.br\/trilhasonora\/?p=1537"},"modified":"2020-12-04T14:24:27","modified_gmt":"2020-12-04T17:24:27","slug":"gal-revisitada","status":"publish","type":"post","link":"https:\/\/blogs.correiobraziliense.com.br\/trilhasonora\/gal-revisitada\/","title":{"rendered":"Gal revisitada"},"content":{"rendered":"<p>Projeto<em> Gal 75<\/em> aproxima Gal Costa da nova gera\u00e7\u00e3o de cantores e compositores; ao lado de Z\u00e9 Ibarra, ela cantou <em>Meu bem meu mal<\/em>. <a href=\"https:\/\/www.correiobraziliense.com.br\/diversao-e-arte\/2020\/12\/4892807-ze-ibarra-comemora-dueto-com-gal-costa-ela-manda-a-gente-aceita.html\">Confira a mat\u00e9ria publicada no <em>Divers\u00e3o &amp; Arte<\/em> do <strong>Correio Braziliense<\/strong> em 3 de dezembro<\/a>.<\/p>\n<p><img loading=\"lazy\" decoding=\"async\" class=\"aligncenter size-large wp-image-1538\" src=\"https:\/\/blogs.correiobraziliense.com.br\/trilhasonora\/wp-content\/uploads\/sites\/39\/2020\/12\/A21-CID-0312_page-0001-415x1024.jpg\" alt=\"\" width=\"415\" height=\"1024\" srcset=\"https:\/\/blogs.correiobraziliense.com.br\/trilhasonora\/wp-content\/uploads\/sites\/39\/2020\/12\/A21-CID-0312_page-0001-415x1024.jpg 415w, https:\/\/blogs.correiobraziliense.com.br\/trilhasonora\/wp-content\/uploads\/sites\/39\/2020\/12\/A21-CID-0312_page-0001-122x300.jpg 122w, https:\/\/blogs.correiobraziliense.com.br\/trilhasonora\/wp-content\/uploads\/sites\/39\/2020\/12\/A21-CID-0312_page-0001-550x1356.jpg 550w, https:\/\/blogs.correiobraziliense.com.br\/trilhasonora\/wp-content\/uploads\/sites\/39\/2020\/12\/A21-CID-0312_page-0001-230x567.jpg 230w, https:\/\/blogs.correiobraziliense.com.br\/trilhasonora\/wp-content\/uploads\/sites\/39\/2020\/12\/A21-CID-0312_page-0001.jpg 702w\" sizes=\"auto, (max-width: 415px) 100vw, 415px\" \/><\/p>\n","protected":false},"excerpt":{"rendered":"<p>Projeto Gal 75 aproxima Gal Costa da nova gera\u00e7\u00e3o de cantores e compositores; ao lado de Z\u00e9 Ibarra, ela cantou Meu bem meu mal. Confira a mat\u00e9ria publicada no Divers\u00e3o &amp; Arte do Correio Braziliense em 3 de dezembro.<\/p>\n","protected":false},"author":84,"featured_media":0,"comment_status":"open","ping_status":"open","sticky":false,"template":"","format":"standard","meta":{"footnotes":""},"categories":[1],"tags":[],"class_list":["post-1537","post","type-post","status-publish","format-standard","hentry","category-sem-categoria"],"_links":{"self":[{"href":"https:\/\/blogs.correiobraziliense.com.br\/trilhasonora\/wp-json\/wp\/v2\/posts\/1537","targetHints":{"allow":["GET"]}}],"collection":[{"href":"https:\/\/blogs.correiobraziliense.com.br\/trilhasonora\/wp-json\/wp\/v2\/posts"}],"about":[{"href":"https:\/\/blogs.correiobraziliense.com.br\/trilhasonora\/wp-json\/wp\/v2\/types\/post"}],"author":[{"embeddable":true,"href":"https:\/\/blogs.correiobraziliense.com.br\/trilhasonora\/wp-json\/wp\/v2\/users\/84"}],"replies":[{"embeddable":true,"href":"https:\/\/blogs.correiobraziliense.com.br\/trilhasonora\/wp-json\/wp\/v2\/comments?post=1537"}],"version-history":[{"count":2,"href":"https:\/\/blogs.correiobraziliense.com.br\/trilhasonora\/wp-json\/wp\/v2\/posts\/1537\/revisions"}],"predecessor-version":[{"id":1540,"href":"https:\/\/blogs.correiobraziliense.com.br\/trilhasonora\/wp-json\/wp\/v2\/posts\/1537\/revisions\/1540"}],"wp:attachment":[{"href":"https:\/\/blogs.correiobraziliense.com.br\/trilhasonora\/wp-json\/wp\/v2\/media?parent=1537"}],"wp:term":[{"taxonomy":"category","embeddable":true,"href":"https:\/\/blogs.correiobraziliense.com.br\/trilhasonora\/wp-json\/wp\/v2\/categories?post=1537"},{"taxonomy":"post_tag","embeddable":true,"href":"https:\/\/blogs.correiobraziliense.com.br\/trilhasonora\/wp-json\/wp\/v2\/tags?post=1537"}],"curies":[{"name":"wp","href":"https:\/\/api.w.org\/{rel}","templated":true}]}}