{"id":1529,"date":"2020-12-01T17:36:55","date_gmt":"2020-12-01T20:36:55","guid":{"rendered":"https:\/\/blogs.correiobraziliense.com.br\/trilhasonora\/?p=1529"},"modified":"2020-12-01T17:36:55","modified_gmt":"2020-12-01T20:36:55","slug":"plebe-rude-e-afonso-nigro-regravam-p-da-vida","status":"publish","type":"post","link":"https:\/\/blogs.correiobraziliense.com.br\/trilhasonora\/plebe-rude-e-afonso-nigro-regravam-p-da-vida\/","title":{"rendered":"Plebe Rude e Afonso Nigro regravam P da vida"},"content":{"rendered":"<p><strong>Banda brasiliense lan\u00e7a EP com duas faixas. A outra \u00e9 a in\u00e9dita <em>O gigante adormecido<\/em><\/strong><\/p>\n<p>Um encontro inusitado reuniu m\u00fasicos que , em seus respectivos segmentos, se destacaram na d\u00e9cada de 1980: a banda brasiliense de punk rock brasiliense Plebe Rude e Afonso Nigro, vocalista da boyband pop paulistana Domin\u00f3. O que os juntou foi a regrava\u00e7\u00e3o do hit <em>P da vida<\/em>, vers\u00e3o de Edgard Po\u00e7as para <em>Tutte la vita<\/em>, do italiano Lucio Dalla. O versionista lembra que a ideia, ao escrever a letra era fazer algo diferente, que considerasse importante dizer na \u00e9poca: &#8220;Chamei de <em>Puto da vida<\/em>, que naquela \u00e9poca era algo proibitivo; e ent\u00e3o precisou mudar o t\u00edtulo&#8221;.<\/p>\n<p><iframe loading=\"lazy\" title=\"P da Vida (Tutta La Vita) - Plebe Rude feat. Afonso Nigro\" width=\"1440\" height=\"810\" src=\"https:\/\/www.youtube.com\/embed\/Z5fc4ghT8zM?feature=oembed\" frameborder=\"0\" allow=\"accelerometer; autoplay; clipboard-write; encrypted-media; gyroscope; picture-in-picture; web-share\" referrerpolicy=\"strict-origin-when-cross-origin\" allowfullscreen><\/iframe><\/p>\n<p>A vers\u00e3o em portugu\u00eas chamou a aten\u00e7\u00e3o dos integrantes da Plebe pela tem\u00e1tica e por reconhecer na letra forte e impactante a possibilidade de conciliar o apelo comercial e o conte\u00fado. &#8220;Eu j\u00e1 gostava da m\u00fasica desde a d\u00e9cada de 1980. Achava ousado o fato do grupo mais pop da m\u00fasica brasileira ter conseguido gravar uma letra de cunho social e contundente&#8221;, lembra Philippe Seabra, guitarrista e vocalista da banda. &#8220;<em>P da vida<\/em> n\u00e3o envelheceu, muito pelo contr\u00e1rio. Ent\u00e3o a Plebe ficou muito \u00e0 vontade para fazer nova vers\u00e3o&#8221;, justifica.<\/p>\n<p>Segundo Afonso Nigro, o dueto improv\u00e1vel s\u00f3 foi poss\u00edvel porque a m\u00fasica \u00e9 atemporal e remete, de certo modo, ao momento pelo qual estamos passando. &#8220;Regravar <em>P da vida<\/em> foi o m\u00e1ximo, ainda mais com uma banda que eu sempre admirei.O Philippe \u00e9 superquerido e adorei a concep\u00e7\u00e3o do novo arranjo. Tem o Clemente tamb\u00e9m, meu \u00eddolo de inf\u00e2ncia. Estou muito feliz com o resultado&#8221;, ressalta. Na grava\u00e7\u00e3o, h\u00e1 o peso das guitarras distorcidas no lugar dos teclados.<\/p>\n<p>O lan\u00e7amento de <em>P da vida<\/em> vem junto com <em>O gigante adormecido<\/em>, composi\u00e7\u00e3o in\u00e9dita de Philippe Seabra. Esta faixa in\u00e9dita, de acordo com Seabra, \u00e9 sobre a passividade do brasileiro, que n\u00e3o consegue manter o foco no meio dos ru\u00eddos das redes sociais e rapidamente perde qualquer no\u00e7\u00e3o de indigna\u00e7\u00e3o. &#8220;\u00c9 a nossa resposta para <em>P da vida<\/em>. O gigante que todos achavam que havia acordado nas manifesta\u00e7\u00f5es de 2013, logo adormeceu de novo. \u00c9 tanta not\u00edcia ruim, tanta energia negativa, que temos medo de as pessoas ficarem anestesiadas&#8221;.<\/p>\n<p><iframe loading=\"lazy\" title=\"O Gigante Adormece - Plebe Rude feat. Afonso Nigro\" width=\"1440\" height=\"810\" src=\"https:\/\/www.youtube.com\/embed\/tgH7VWLCao4?feature=oembed\" frameborder=\"0\" allow=\"accelerometer; autoplay; clipboard-write; encrypted-media; gyroscope; picture-in-picture; web-share\" referrerpolicy=\"strict-origin-when-cross-origin\" allowfullscreen><\/iframe><\/p>\n","protected":false},"excerpt":{"rendered":"<p>Banda brasiliense lan\u00e7a EP com duas faixas. A outra \u00e9 a in\u00e9dita O gigante adormecido Um encontro inusitado reuniu m\u00fasicos que , em seus respectivos segmentos, se destacaram na d\u00e9cada de 1980: a banda brasiliense de punk rock brasiliense Plebe Rude e Afonso Nigro, vocalista da boyband pop paulistana Domin\u00f3. O que os juntou foi a regrava\u00e7\u00e3o do hit P [&hellip;]<\/p>\n","protected":false},"author":84,"featured_media":1530,"comment_status":"open","ping_status":"open","sticky":false,"template":"","format":"standard","meta":{"footnotes":""},"categories":[1],"tags":[],"class_list":["post-1529","post","type-post","status-publish","format-standard","has-post-thumbnail","hentry","category-sem-categoria"],"_links":{"self":[{"href":"https:\/\/blogs.correiobraziliense.com.br\/trilhasonora\/wp-json\/wp\/v2\/posts\/1529","targetHints":{"allow":["GET"]}}],"collection":[{"href":"https:\/\/blogs.correiobraziliense.com.br\/trilhasonora\/wp-json\/wp\/v2\/posts"}],"about":[{"href":"https:\/\/blogs.correiobraziliense.com.br\/trilhasonora\/wp-json\/wp\/v2\/types\/post"}],"author":[{"embeddable":true,"href":"https:\/\/blogs.correiobraziliense.com.br\/trilhasonora\/wp-json\/wp\/v2\/users\/84"}],"replies":[{"embeddable":true,"href":"https:\/\/blogs.correiobraziliense.com.br\/trilhasonora\/wp-json\/wp\/v2\/comments?post=1529"}],"version-history":[{"count":1,"href":"https:\/\/blogs.correiobraziliense.com.br\/trilhasonora\/wp-json\/wp\/v2\/posts\/1529\/revisions"}],"predecessor-version":[{"id":1531,"href":"https:\/\/blogs.correiobraziliense.com.br\/trilhasonora\/wp-json\/wp\/v2\/posts\/1529\/revisions\/1531"}],"wp:featuredmedia":[{"embeddable":true,"href":"https:\/\/blogs.correiobraziliense.com.br\/trilhasonora\/wp-json\/wp\/v2\/media\/1530"}],"wp:attachment":[{"href":"https:\/\/blogs.correiobraziliense.com.br\/trilhasonora\/wp-json\/wp\/v2\/media?parent=1529"}],"wp:term":[{"taxonomy":"category","embeddable":true,"href":"https:\/\/blogs.correiobraziliense.com.br\/trilhasonora\/wp-json\/wp\/v2\/categories?post=1529"},{"taxonomy":"post_tag","embeddable":true,"href":"https:\/\/blogs.correiobraziliense.com.br\/trilhasonora\/wp-json\/wp\/v2\/tags?post=1529"}],"curies":[{"name":"wp","href":"https:\/\/api.w.org\/{rel}","templated":true}]}}