{"id":1510,"date":"2020-11-20T06:11:06","date_gmt":"2020-11-20T09:11:06","guid":{"rendered":"https:\/\/blogs.correiobraziliense.com.br\/trilhasonora\/?p=1510"},"modified":"2020-11-20T11:40:31","modified_gmt":"2020-11-20T14:40:31","slug":"sons-da-noite-livro-apresenta-fotos-da-decada-de-1980-do-rock-brasilia","status":"publish","type":"post","link":"https:\/\/blogs.correiobraziliense.com.br\/trilhasonora\/sons-da-noite-livro-apresenta-fotos-da-decada-de-1980-do-rock-brasilia\/","title":{"rendered":"Sons da Noite: Livro apresenta fotos da d\u00e9cada de 1980 do Rock Bras\u00edlia"},"content":{"rendered":"<p><strong>Cenas do Rock Bras\u00edlia<\/strong><\/p>\n<p>Movimento que colocou a cidade no mapa da m\u00fasica brasileira na d\u00e9cada de 1980, o Rock Bras\u00edlia foi retratado pelos fot\u00f3grafos Nick Elmoor e Ricardo Junqueira. A parte mais representativa desse acervo est\u00e1 reunida no <a href=\"https:\/\/www.correiobraziliense.com.br\/diversao-e-arte\/2020\/11\/4888296-livro-quer-retratar-a-brasilia-dos-anos-1980-por-meio-de-fotos.html\">livro <em>P\u00f3s-New Bras\u00edlia &#8212; Uma biografia fotojornal\u00edstica de um tempo que n\u00e3o foi perdido<\/em><\/a>. Do registro feito por eles, constam fotos de Renato Russo, Legi\u00e3o Urbana, Capital Inicial, Plebe Rude, Detrito Federal e Obina Shock e de outras bandas da \u00e9poca.<\/p>\n<p>Os dois lan\u00e7aram um crowdfouding (financiamento coletivo) para viabilizar a edi\u00e7\u00e3o do livro de 200 p\u00e1ginas, e a campanha prossegue at\u00e9 31 de dezembro. H\u00e1 v\u00e1rias possibilidades e valores para a compra, a ser feita pela plataforma <a href=\"http:\/\/www.catarse.me\/posnew\">www.catarse.me\/posnew<\/a>.<\/p>\n<p><strong>Eu recomendo<\/strong><\/p>\n<p>Grupo que \u00e9 refer\u00eancia na cena do samba em Bras\u00edlia, o 7 na Roda retomou as atividade no final do m\u00eas passado. Na pr\u00f3xima ter\u00e7a-feira volta a comandar a tradicional roda no Outro Calaf (Setor Banc\u00e1rio Norte), a partir das 20h, na qual revisita a obra de mestres do g\u00eanero, com nova roupagem, mas sem se distanciar da tradi\u00e7\u00e3o. N\u00e3o recomendado para menores de 18 anos.<\/p>\n<p><iframe loading=\"lazy\" title=\"7naRoda\" width=\"1440\" height=\"810\" src=\"https:\/\/www.youtube.com\/embed\/Toy8LdO9Qp0?feature=oembed\" frameborder=\"0\" allow=\"accelerometer; autoplay; clipboard-write; encrypted-media; gyroscope; picture-in-picture; web-share\" referrerpolicy=\"strict-origin-when-cross-origin\" allowfullscreen><\/iframe><\/p>\n<p><strong>Samba bom<\/strong><\/p>\n<p>Carol Nogueira \u00e9 a atra\u00e7\u00e3o de amanh\u00e3 (21\/11), \u00e0s 12h, da roda de samba do Caf\u00e9 Musical, na \u00e1rea externa do Clube do Choro (Eixo Monumental). Acompanhada por Dudu 7 Cordas (viol\u00e3o 7 cordas), Valerinho Xavier (cavaquinho), Breno Alves (pandeiro e voz) e Guto Martins (percuss\u00e3o), a cantora passeia por repert\u00f3rio que inclui cl\u00e1ssicos da obra de Noel Rosa, Cartola, Nelson Cavaquinho, Jo\u00e3o Nogueira, Paulinho da Viola e Zeca Pagodinho. N\u00e3o recomendado para menores de 12 anos.<\/p>\n<p><strong>MPB e pop<\/strong><\/p>\n<p>Elogiada int\u00e9rprete do circuito noturno brasiliense, Andressa Souza solta a voz hoje (20), \u00e0s 20h. No Ticiana Werner Bistr\u00f4 (201 Sul), cantando MPB e pop. Ela tem a companhia no palco de Gleitim (percuss\u00e3o) e O\u00e9lias Augusto (teclados). N\u00e3o recomendado para menores de 16 anos.<\/p>\n<p><strong>Jazz internacional<\/strong><\/p>\n<p>O cantor e guitarrista brasileiro Tico Martins e o pianista e saxofonista let\u00e3o Alexander Raichenok se apresentam hoje (20), \u00e0s 19h30, pelo projeto <em>Sexta Cultural<\/em> do Terra\u00e7o Shopping. Eles v\u00e3o tocar composi\u00e7\u00f5es de Cole Porter, Chet Beker, Irving Berlin e Ira e George Gershwin. Classifica\u00e7\u00e3o indicativa livre.<\/p>\n<p><strong>Voz e piano<\/strong><\/p>\n<figure id=\"attachment_1514\" aria-describedby=\"caption-attachment-1514\" style=\"width: 800px\" class=\"wp-caption aligncenter\"><img loading=\"lazy\" decoding=\"async\" class=\"size-full wp-image-1514\" src=\"https:\/\/blogs.correiobraziliense.com.br\/trilhasonora\/wp-content\/uploads\/sites\/39\/2020\/11\/Taliz-e-Emanuelle_Dolce-Far-Niente_Arquivo-pessoal.jpg\" alt=\"\" width=\"800\" height=\"533\" srcset=\"https:\/\/blogs.correiobraziliense.com.br\/trilhasonora\/wp-content\/uploads\/sites\/39\/2020\/11\/Taliz-e-Emanuelle_Dolce-Far-Niente_Arquivo-pessoal.jpg 800w, https:\/\/blogs.correiobraziliense.com.br\/trilhasonora\/wp-content\/uploads\/sites\/39\/2020\/11\/Taliz-e-Emanuelle_Dolce-Far-Niente_Arquivo-pessoal-300x200.jpg 300w, https:\/\/blogs.correiobraziliense.com.br\/trilhasonora\/wp-content\/uploads\/sites\/39\/2020\/11\/Taliz-e-Emanuelle_Dolce-Far-Niente_Arquivo-pessoal-768x512.jpg 768w, https:\/\/blogs.correiobraziliense.com.br\/trilhasonora\/wp-content\/uploads\/sites\/39\/2020\/11\/Taliz-e-Emanuelle_Dolce-Far-Niente_Arquivo-pessoal-550x366.jpg 550w, https:\/\/blogs.correiobraziliense.com.br\/trilhasonora\/wp-content\/uploads\/sites\/39\/2020\/11\/Taliz-e-Emanuelle_Dolce-Far-Niente_Arquivo-pessoal-230x153.jpg 230w\" sizes=\"auto, (max-width: 800px) 100vw, 800px\" \/><figcaption id=\"caption-attachment-1514\" class=\"wp-caption-text\">Taliz e Emanuelle. Cr\u00e9dito: Arquivo pessoal<\/figcaption><\/figure>\n<p>Taliz Cec\u00edlio e Emanuelle Andrade formam o duo de voz e piano, em apresenta\u00e7\u00e3o amanh\u00e3 (21), \u00e0s 20h, no Dolce Far Niente (O\u00e1sis Center, na CLS 304, Sudoeste). Ecl\u00e9ticas, elas interpretam bossa nova, pop rock e jazz. Classifica\u00e7\u00e3o indicativa livre.<\/p>\n<p><strong>Por enquanto<\/strong><\/p>\n<p>No aguardo para o retorno do caderno <em>Divirta-se Mais<\/em>, \u00e0s sextas-feiras no<strong> Correio Braziliense<\/strong>, retomo no<strong> Trilha Sonora<\/strong> a publica\u00e7\u00e3o da<em> Sons da Noite<\/em> com informa\u00e7\u00f5es sobre os eventos musicais que ocorrem no final de semana na cidade. Agrade\u00e7o a aten\u00e7\u00e3o dos leitores!<\/p>\n","protected":false},"excerpt":{"rendered":"<p>Cenas do Rock Bras\u00edlia Movimento que colocou a cidade no mapa da m\u00fasica brasileira na d\u00e9cada de 1980, o Rock Bras\u00edlia foi retratado pelos fot\u00f3grafos Nick Elmoor e Ricardo Junqueira. A parte mais representativa desse acervo est\u00e1 reunida no livro P\u00f3s-New Bras\u00edlia &#8212; Uma biografia fotojornal\u00edstica de um tempo que n\u00e3o foi perdido. Do registro feito por eles, constam fotos [&hellip;]<\/p>\n","protected":false},"author":84,"featured_media":1511,"comment_status":"open","ping_status":"open","sticky":false,"template":"","format":"standard","meta":{"footnotes":""},"categories":[27],"tags":[],"class_list":["post-1510","post","type-post","status-publish","format-standard","has-post-thumbnail","hentry","category-coluna-sons-da-noite"],"_links":{"self":[{"href":"https:\/\/blogs.correiobraziliense.com.br\/trilhasonora\/wp-json\/wp\/v2\/posts\/1510","targetHints":{"allow":["GET"]}}],"collection":[{"href":"https:\/\/blogs.correiobraziliense.com.br\/trilhasonora\/wp-json\/wp\/v2\/posts"}],"about":[{"href":"https:\/\/blogs.correiobraziliense.com.br\/trilhasonora\/wp-json\/wp\/v2\/types\/post"}],"author":[{"embeddable":true,"href":"https:\/\/blogs.correiobraziliense.com.br\/trilhasonora\/wp-json\/wp\/v2\/users\/84"}],"replies":[{"embeddable":true,"href":"https:\/\/blogs.correiobraziliense.com.br\/trilhasonora\/wp-json\/wp\/v2\/comments?post=1510"}],"version-history":[{"count":3,"href":"https:\/\/blogs.correiobraziliense.com.br\/trilhasonora\/wp-json\/wp\/v2\/posts\/1510\/revisions"}],"predecessor-version":[{"id":1515,"href":"https:\/\/blogs.correiobraziliense.com.br\/trilhasonora\/wp-json\/wp\/v2\/posts\/1510\/revisions\/1515"}],"wp:featuredmedia":[{"embeddable":true,"href":"https:\/\/blogs.correiobraziliense.com.br\/trilhasonora\/wp-json\/wp\/v2\/media\/1511"}],"wp:attachment":[{"href":"https:\/\/blogs.correiobraziliense.com.br\/trilhasonora\/wp-json\/wp\/v2\/media?parent=1510"}],"wp:term":[{"taxonomy":"category","embeddable":true,"href":"https:\/\/blogs.correiobraziliense.com.br\/trilhasonora\/wp-json\/wp\/v2\/categories?post=1510"},{"taxonomy":"post_tag","embeddable":true,"href":"https:\/\/blogs.correiobraziliense.com.br\/trilhasonora\/wp-json\/wp\/v2\/tags?post=1510"}],"curies":[{"name":"wp","href":"https:\/\/api.w.org\/{rel}","templated":true}]}}