{"id":1499,"date":"2020-11-16T06:00:34","date_gmt":"2020-11-16T09:00:34","guid":{"rendered":"https:\/\/blogs.correiobraziliense.com.br\/trilhasonora\/?p=1499"},"modified":"2020-11-15T15:53:30","modified_gmt":"2020-11-15T18:53:30","slug":"dorivando-sarava-o-preto-que-virou-mar-homenageia-dorival-caymmi","status":"publish","type":"post","link":"https:\/\/blogs.correiobraziliense.com.br\/trilhasonora\/dorivando-sarava-o-preto-que-virou-mar-homenageia-dorival-caymmi\/","title":{"rendered":"Dorivando Sarav\u00e1 &#8212; O preto que virou mar homenageia Dorival Caymmi"},"content":{"rendered":"<h3>Document\u00e1rio dirigido por Henrique Dias, estreia hoje (16\/11), \u00e0s 22h30 no Canal Curta!<\/h3>\n<p>\u00cdcone da m\u00fasica popular brasileira, Dorival Caymmi, a quem Gilberto Gil chamou de Buda Nag\u00f4, \u00e9 homenageado com o document\u00e1rio <em>Dorivando Sarav\u00e1 &#8212; O preto que virou mar<\/em>, que aborda a poesia e a religiosidade do compositor e cantor baiano, falecido em agosto de 2008, cuja obra se confunde com uma maneira muito pr\u00f3prio de viver. Ele foi o primeiro a cantar os orix\u00e1s do candombl\u00e9 e transportou para a m\u00fasica sua religiosidade, os misticismos de um povo e a po\u00e9tica fortemente ligada \u00e0 praia.<\/p>\n<p>O filme, que segue uma linha em que o artista transcende a morte, conta com imagens de arquivo em que o pr\u00f3prio artista fala de suas percep\u00e7\u00f5es e filosofia de vida, traz tamb\u00e9m depoimentos de Gilberto Gil, Tom Z\u00e9, Mateus Aleluia,Tigan\u00e1 Santana, Adriana Calcanhotto, Jussara Silveira e Arlete Santana, entre outros, que desfrutaram da companhia do compositor ou que regravaram as can\u00e7\u00f5es dele.<\/p>\n<p>Longa-metragem experimental, <em>Dorivando Sarav\u00e1<\/em> aborda conceito presente na vida e na obra do homenageado, ao garimpar antigas entrevistas nas quais ele mostra posicionamentos est\u00e9ticos e pol\u00edticos, representativos de uma maneira de existir e de pensar. A produ\u00e7\u00e3o da Hamaca, viabilizada pelo canal Curta, atrav\u00e9s do Setorial Audivisual (FSA), estreia hoje (16\/11), \u00e0s 22h30, na <em>Segunda da M\u00fasica<\/em>.<\/p>\n<p><iframe loading=\"lazy\" title=\"Dorivando Sarav\u00e1, o preto que virou mar (promo)\" width=\"1440\" height=\"810\" src=\"https:\/\/www.youtube.com\/embed\/77cjXWUbVC8?feature=oembed\" frameborder=\"0\" allow=\"accelerometer; autoplay; clipboard-write; encrypted-media; gyroscope; picture-in-picture; web-share\" referrerpolicy=\"strict-origin-when-cross-origin\" allowfullscreen><\/iframe><\/p>\n","protected":false},"excerpt":{"rendered":"<p>Document\u00e1rio dirigido por Henrique Dias, estreia hoje (16\/11), \u00e0s 22h30 no Canal Curta! <\/p>\n","protected":false},"author":84,"featured_media":1505,"comment_status":"open","ping_status":"open","sticky":false,"template":"","format":"standard","meta":{"footnotes":""},"categories":[1],"tags":[],"class_list":["post-1499","post","type-post","status-publish","format-standard","has-post-thumbnail","hentry","category-sem-categoria"],"_links":{"self":[{"href":"https:\/\/blogs.correiobraziliense.com.br\/trilhasonora\/wp-json\/wp\/v2\/posts\/1499","targetHints":{"allow":["GET"]}}],"collection":[{"href":"https:\/\/blogs.correiobraziliense.com.br\/trilhasonora\/wp-json\/wp\/v2\/posts"}],"about":[{"href":"https:\/\/blogs.correiobraziliense.com.br\/trilhasonora\/wp-json\/wp\/v2\/types\/post"}],"author":[{"embeddable":true,"href":"https:\/\/blogs.correiobraziliense.com.br\/trilhasonora\/wp-json\/wp\/v2\/users\/84"}],"replies":[{"embeddable":true,"href":"https:\/\/blogs.correiobraziliense.com.br\/trilhasonora\/wp-json\/wp\/v2\/comments?post=1499"}],"version-history":[{"count":1,"href":"https:\/\/blogs.correiobraziliense.com.br\/trilhasonora\/wp-json\/wp\/v2\/posts\/1499\/revisions"}],"predecessor-version":[{"id":1504,"href":"https:\/\/blogs.correiobraziliense.com.br\/trilhasonora\/wp-json\/wp\/v2\/posts\/1499\/revisions\/1504"}],"wp:featuredmedia":[{"embeddable":true,"href":"https:\/\/blogs.correiobraziliense.com.br\/trilhasonora\/wp-json\/wp\/v2\/media\/1505"}],"wp:attachment":[{"href":"https:\/\/blogs.correiobraziliense.com.br\/trilhasonora\/wp-json\/wp\/v2\/media?parent=1499"}],"wp:term":[{"taxonomy":"category","embeddable":true,"href":"https:\/\/blogs.correiobraziliense.com.br\/trilhasonora\/wp-json\/wp\/v2\/categories?post=1499"},{"taxonomy":"post_tag","embeddable":true,"href":"https:\/\/blogs.correiobraziliense.com.br\/trilhasonora\/wp-json\/wp\/v2\/tags?post=1499"}],"curies":[{"name":"wp","href":"https:\/\/api.w.org\/{rel}","templated":true}]}}