{"id":1467,"date":"2020-11-01T06:28:30","date_gmt":"2020-11-01T09:28:30","guid":{"rendered":"https:\/\/blogs.correiobraziliense.com.br\/trilhasonora\/?p=1467"},"modified":"2020-10-29T18:30:44","modified_gmt":"2020-10-29T21:30:44","slug":"guinga-e-ana-carolina-tem-encontro-inedito-no-palco-do-ccbb-do-rio-de-janeiro","status":"publish","type":"post","link":"https:\/\/blogs.correiobraziliense.com.br\/trilhasonora\/guinga-e-ana-carolina-tem-encontro-inedito-no-palco-do-ccbb-do-rio-de-janeiro\/","title":{"rendered":"Guinga e Ana Carolina t\u00eam encontro in\u00e9dito no palco do CCBB do Rio de Janeiro"},"content":{"rendered":"<p><strong>Show faz parte do projeto que celebra os 70 anos do cantor, compositor e violonista carioca<\/strong><\/p>\n<p>Um encontro de dois grandes artistas, representantes de diferentes segmentos da MPB, ocorre hoje (domingo, 1\u00ba\/11), \u00e0s 20h, no palco do Centro Cultural Banco Brasil, do Rio de Janeiro. Em live, que d\u00e1 prosseguimento ao projeto comemorativo dos <a href=\"https:\/\/www.correiobraziliense.com.br\/diversao-e-arte\/2020\/10\/4880780-guinga-celebra-70-anos-com-projeto-on-line-ate-12-de-novembro.html\">70 anos de Guinga,<\/a> o sofisticado cantor, compositor e violonista carioca recebe a cantora e compositora <a href=\"https:\/\/www.correiobraziliense.com.br\/app\/noticia\/diversao-e-arte\/2019\/06\/04\/interna_diversao_arte,759909\/ana-carolina-fogueira-em-alto-mar.shtml\">Ana Carolina<\/a>, estrela do pop nacional. No show, ao vivo, com dire\u00e7\u00e3o e Fernanda Vogas, eles t\u00eam a companhia do tamb\u00e9m violonista Jean Charnaux.<\/p>\n<p>Do roteiro do encontro fazem parte can\u00e7\u00f5es como<em> Voc\u00ea, voc\u00ea<\/em> (Guinga e Chico Buarque), <em>Avenida Atl\u00e2ntica<\/em> (Guinga e Thiago Amud) e<em> Leveza de valsa,<\/em> parceria do compositor e da cantora, gravada por ela e registrada em clipe. &#8220;Guinga \u00e9 um g\u00eanio de nossa m\u00fasica. Fico honrada de ser convidada para este projeto e celebrar a obra deste artista superlativo&#8221;, ressalta Ana Carolina. &#8220;Tivemos a felicidade de estar juntos em uma parceria. Agora vamos nos conectar por meio de uma live, um respiro nesses tempos que estamos vivendo&#8221;, acrescenta.<\/p>\n<p><iframe loading=\"lazy\" title=\"Ana Carolina - Leveza de Valsa ft. Guinga\" width=\"1440\" height=\"810\" src=\"https:\/\/www.youtube.com\/embed\/AtUD0JDCBYo?feature=oembed\" frameborder=\"0\" allow=\"accelerometer; autoplay; clipboard-write; encrypted-media; gyroscope; picture-in-picture; web-share\" referrerpolicy=\"strict-origin-when-cross-origin\" allowfullscreen><\/iframe><\/p>\n<p>O <em>Guinga e as vozes femininas<\/em> &#8212; nome do projeto &#8212; patrocinado pelo Banco do Brasil, que teve in\u00edcio no dia 12 de outubro, prossegue com os shows que t\u00eam como convidadas Ilesi (dia 5) e Luisa Lacerda (dia 8). Leila Pinheiro que esteve ao lado do homenageado na abertura da programa\u00e7\u00e3o, volta a se juntar a ele no encerramento, marcado para o dia 12. As apresenta\u00e7\u00f5es, gratuitas, s\u00e3o transmitidas pelo <a href=\"https:\/\/www.youtube.com\/user\/bancodobrasil\">YouTube do Banco do Brasil<\/a>.<\/p>\n","protected":false},"excerpt":{"rendered":"<p>Show faz parte do projeto que celebra os 70 anos do cantor, compositor e violonista carioca<\/p>\n","protected":false},"author":84,"featured_media":1468,"comment_status":"open","ping_status":"open","sticky":false,"template":"","format":"standard","meta":{"footnotes":""},"categories":[1],"tags":[],"class_list":["post-1467","post","type-post","status-publish","format-standard","has-post-thumbnail","hentry","category-sem-categoria"],"_links":{"self":[{"href":"https:\/\/blogs.correiobraziliense.com.br\/trilhasonora\/wp-json\/wp\/v2\/posts\/1467","targetHints":{"allow":["GET"]}}],"collection":[{"href":"https:\/\/blogs.correiobraziliense.com.br\/trilhasonora\/wp-json\/wp\/v2\/posts"}],"about":[{"href":"https:\/\/blogs.correiobraziliense.com.br\/trilhasonora\/wp-json\/wp\/v2\/types\/post"}],"author":[{"embeddable":true,"href":"https:\/\/blogs.correiobraziliense.com.br\/trilhasonora\/wp-json\/wp\/v2\/users\/84"}],"replies":[{"embeddable":true,"href":"https:\/\/blogs.correiobraziliense.com.br\/trilhasonora\/wp-json\/wp\/v2\/comments?post=1467"}],"version-history":[{"count":1,"href":"https:\/\/blogs.correiobraziliense.com.br\/trilhasonora\/wp-json\/wp\/v2\/posts\/1467\/revisions"}],"predecessor-version":[{"id":1469,"href":"https:\/\/blogs.correiobraziliense.com.br\/trilhasonora\/wp-json\/wp\/v2\/posts\/1467\/revisions\/1469"}],"wp:featuredmedia":[{"embeddable":true,"href":"https:\/\/blogs.correiobraziliense.com.br\/trilhasonora\/wp-json\/wp\/v2\/media\/1468"}],"wp:attachment":[{"href":"https:\/\/blogs.correiobraziliense.com.br\/trilhasonora\/wp-json\/wp\/v2\/media?parent=1467"}],"wp:term":[{"taxonomy":"category","embeddable":true,"href":"https:\/\/blogs.correiobraziliense.com.br\/trilhasonora\/wp-json\/wp\/v2\/categories?post=1467"},{"taxonomy":"post_tag","embeddable":true,"href":"https:\/\/blogs.correiobraziliense.com.br\/trilhasonora\/wp-json\/wp\/v2\/tags?post=1467"}],"curies":[{"name":"wp","href":"https:\/\/api.w.org\/{rel}","templated":true}]}}