{"id":1463,"date":"2020-10-26T16:36:14","date_gmt":"2020-10-26T19:36:14","guid":{"rendered":"https:\/\/blogs.correiobraziliense.com.br\/trilhasonora\/?p=1463"},"modified":"2020-10-26T17:40:39","modified_gmt":"2020-10-26T20:40:39","slug":"beraderos-homenageia-milton-nascimento-com-caminhar","status":"publish","type":"post","link":"https:\/\/blogs.correiobraziliense.com.br\/trilhasonora\/beraderos-homenageia-milton-nascimento-com-caminhar\/","title":{"rendered":"Beraderos homenageia Milton Nascimento com Caminhar"},"content":{"rendered":"<h3>Single da can\u00e7\u00e3o composta, por Danilo Mesquita e Ravel Arruda, acaba de ser lan\u00e7ada nas plataformas digitais<\/h3>\n<p>Beraderos, grupo formado pelos cantores e violonistas Danilo Mesquita e Ravel Arruda, surgido em 2017, acaba de lan\u00e7ar nas plataformas digitais o segundo single, intitulado <em>Caminhar<\/em>. Eles s\u00e3o autores da can\u00e7\u00e3o, com a qual homenageiam Milton Nascimento, que hoje (26\/10) comemora 78 anos. Anteriormente o p\u00fablico tomou conhecimento de <em>Felicidade<\/em>, a primeira m\u00fasica do duo. Ambas sa\u00edram pelo selo Nascimento M\u00fasica em parceria com a Biscoito Fino.<\/p>\n<p>M\u00fasicos, Danilo e Ravel exercem paralelamente o of\u00edcio de ator. O primeiro fez as novelas <em>I love Parais\u00f3polis<\/em>, <em>Rock story<\/em>,<em> Segundo sol<\/em> e <em>\u00c9ramos seis<\/em>; enquanto o outro atuou em <em>Imp\u00e9rio<\/em> e nas s\u00e9ries <em>Onde nascem os fortes<\/em> e <em>Aruan<\/em>a. Sobre o duo, Danilo diz: &#8220;Beraderos \u00e9 uma uni\u00e3o entre pessoas apaixonadas pela m\u00fasica brasileira&#8221;.<\/p>\n<p>Sobre Milton Nascimento, que participou da grava\u00e7\u00e3o de<em> Caminhar<\/em>, Ravel ressalta: &#8220;Tivemos a sorte e o privil\u00e9gio de conhecer Milton em um trabalho que nos uniu. Bituca, com sua voz toca a alma da gente, conversa com o nosso sentimento mais profundo. Nem nos meus melhores sonhos imaginei que um dia conheceria esse artista gigante, generoso e amoroso&#8221;. Danilo refor\u00e7a: &#8220;A forma como ele comp\u00f5e, toca e canta muda a minha vida a cada vez que o ou\u00e7o&#8221;.<\/p>\n<p>Fonte de inspira\u00e7\u00e3o dos dois, Milton conta como nasceu a amizade. &#8220;Minha hist\u00f3ria com os Baraderos primeiramente pela nossa amizade. A partir da troca de afinidades foi se criando uma rela\u00e7\u00e3o que acabou nos juntando na m\u00fasica. Tudo por conta do jeito que o grupo conseguiu apresentar a arte deles, esse sopro de novidades&#8221;. Com o filho, s\u00f3cio e empres\u00e1rio, o cantor e compositor carioca-mineiro decidiram que a parceria deveria ir al\u00e9m e ent\u00e3o o convidaram o grupo para fazer parte do elenco da Nascimento M\u00fasica.<\/p>\n<p>Em rela\u00e7\u00e3o a <em>Caminhar<\/em>, Ravel explica: &#8220;\u00c9 uma m\u00fasica simples, que fala da import\u00e2ncia de caminhar sempre com algu\u00e9m, sabendo que cada um tem o seu caminho&#8221;. Danilo complementa: &#8220;A can\u00e7\u00e3o fala da import\u00e2ncia de respeitar a escolha do outro&#8221;.<\/p>\n<p><iframe loading=\"lazy\" title=\"Beraderos - Caminhar\" width=\"1440\" height=\"810\" src=\"https:\/\/www.youtube.com\/embed\/k31ONHLIwfQ?feature=oembed\" frameborder=\"0\" allow=\"accelerometer; autoplay; clipboard-write; encrypted-media; gyroscope; picture-in-picture; web-share\" referrerpolicy=\"strict-origin-when-cross-origin\" allowfullscreen><\/iframe><\/p>\n","protected":false},"excerpt":{"rendered":"<p>Single da can\u00e7\u00e3o composta, por Danilo Mesquita e Ravel Arrud, acaba de ser lan\u00e7ada nas plataformas digitais<\/p>\n","protected":false},"author":84,"featured_media":1464,"comment_status":"open","ping_status":"open","sticky":false,"template":"","format":"standard","meta":{"footnotes":""},"categories":[1],"tags":[],"class_list":["post-1463","post","type-post","status-publish","format-standard","has-post-thumbnail","hentry","category-sem-categoria"],"_links":{"self":[{"href":"https:\/\/blogs.correiobraziliense.com.br\/trilhasonora\/wp-json\/wp\/v2\/posts\/1463","targetHints":{"allow":["GET"]}}],"collection":[{"href":"https:\/\/blogs.correiobraziliense.com.br\/trilhasonora\/wp-json\/wp\/v2\/posts"}],"about":[{"href":"https:\/\/blogs.correiobraziliense.com.br\/trilhasonora\/wp-json\/wp\/v2\/types\/post"}],"author":[{"embeddable":true,"href":"https:\/\/blogs.correiobraziliense.com.br\/trilhasonora\/wp-json\/wp\/v2\/users\/84"}],"replies":[{"embeddable":true,"href":"https:\/\/blogs.correiobraziliense.com.br\/trilhasonora\/wp-json\/wp\/v2\/comments?post=1463"}],"version-history":[{"count":2,"href":"https:\/\/blogs.correiobraziliense.com.br\/trilhasonora\/wp-json\/wp\/v2\/posts\/1463\/revisions"}],"predecessor-version":[{"id":1466,"href":"https:\/\/blogs.correiobraziliense.com.br\/trilhasonora\/wp-json\/wp\/v2\/posts\/1463\/revisions\/1466"}],"wp:featuredmedia":[{"embeddable":true,"href":"https:\/\/blogs.correiobraziliense.com.br\/trilhasonora\/wp-json\/wp\/v2\/media\/1464"}],"wp:attachment":[{"href":"https:\/\/blogs.correiobraziliense.com.br\/trilhasonora\/wp-json\/wp\/v2\/media?parent=1463"}],"wp:term":[{"taxonomy":"category","embeddable":true,"href":"https:\/\/blogs.correiobraziliense.com.br\/trilhasonora\/wp-json\/wp\/v2\/categories?post=1463"},{"taxonomy":"post_tag","embeddable":true,"href":"https:\/\/blogs.correiobraziliense.com.br\/trilhasonora\/wp-json\/wp\/v2\/tags?post=1463"}],"curies":[{"name":"wp","href":"https:\/\/api.w.org\/{rel}","templated":true}]}}