{"id":1455,"date":"2020-10-25T06:55:19","date_gmt":"2020-10-25T09:55:19","guid":{"rendered":"https:\/\/blogs.correiobraziliense.com.br\/trilhasonora\/?p=1455"},"modified":"2020-10-26T14:35:35","modified_gmt":"2020-10-26T17:35:35","slug":"simone-canta-milton-nascimento","status":"publish","type":"post","link":"https:\/\/blogs.correiobraziliense.com.br\/trilhasonora\/simone-canta-milton-nascimento\/","title":{"rendered":"Simone canta Milton Nascimento"},"content":{"rendered":"<h3>A cantora faz live hoje (25\/10), \u00e0s 18h, para homenagear o cantor e compositor que comemora 78 anos amanh\u00e3 (26)<\/h3>\n<p>Simone \u00e9 recordista de lives em tempo de pandemia. Diretamente do seu apartamento em S\u00e3o Conrado, no Rio de Janeiro, a cantora faz hoje, \u00e0s 18h, a 29\u00aa apresenta\u00e7\u00e3o virtual e homenageia Milton Nascimento, que amanh\u00e3 comemora 78 anos. A cantora canta o Bituca (como chama o amigo) desde o <em>Gotas d&#8217;\u00c1gua<\/em>, o LP de estreia, lan\u00e7ado em 1975. Naquele disco ela gravou <em>Idolatrada<\/em> e <em>Outubro<\/em>, compostas por Milton em parceria com Fernando Brant.<\/p>\n<p>O quinto \u00e1lbum da artista, de 1978, recebeu o t\u00edtulo de <em>Cigarra<\/em>, nome tamb\u00e9m de can\u00e7\u00e3o feita especialmente para ela por Milton Nascimento e Ronaldo Bastos, com letra que tem como refer\u00eancia a popular f\u00e1bula <em>A cigarra e a formiga<\/em>. Do repert\u00f3rio de Simone fazem parte tamb\u00e9m, <em>Cais<\/em>, <em>Encontros e despedidas<\/em> e <em>Verdades de sonhos<\/em>, entre outras. Embora n\u00e3o tenha sido divulgado, can\u00e7\u00f5es do compositor que ela canta em shows &#8212; embora n\u00e3o tivesse gravado &#8212; far\u00e3o parte do set list.<\/p>\n<figure id=\"attachment_1460\" aria-describedby=\"caption-attachment-1460\" style=\"width: 1024px\" class=\"wp-caption alignleft\"><img loading=\"lazy\" decoding=\"async\" class=\"size-large wp-image-1460\" src=\"https:\/\/blogs.correiobraziliense.com.br\/trilhasonora\/wp-content\/uploads\/sites\/39\/2020\/10\/Captura-de-Tela-2020-10-17-a\u0300s-21.03.31-1024x621.png\" alt=\"\" width=\"1024\" height=\"621\" srcset=\"https:\/\/blogs.correiobraziliense.com.br\/trilhasonora\/wp-content\/uploads\/sites\/39\/2020\/10\/Captura-de-Tela-2020-10-17-a\u0300s-21.03.31-1024x621.png 1024w, https:\/\/blogs.correiobraziliense.com.br\/trilhasonora\/wp-content\/uploads\/sites\/39\/2020\/10\/Captura-de-Tela-2020-10-17-a\u0300s-21.03.31-300x182.png 300w, https:\/\/blogs.correiobraziliense.com.br\/trilhasonora\/wp-content\/uploads\/sites\/39\/2020\/10\/Captura-de-Tela-2020-10-17-a\u0300s-21.03.31-768x466.png 768w, https:\/\/blogs.correiobraziliense.com.br\/trilhasonora\/wp-content\/uploads\/sites\/39\/2020\/10\/Captura-de-Tela-2020-10-17-a\u0300s-21.03.31-550x334.png 550w, https:\/\/blogs.correiobraziliense.com.br\/trilhasonora\/wp-content\/uploads\/sites\/39\/2020\/10\/Captura-de-Tela-2020-10-17-a\u0300s-21.03.31-230x140.png 230w, https:\/\/blogs.correiobraziliense.com.br\/trilhasonora\/wp-content\/uploads\/sites\/39\/2020\/10\/Captura-de-Tela-2020-10-17-a\u0300s-21.03.31.png 1159w\" sizes=\"auto, (max-width: 1024px) 100vw, 1024px\" \/><figcaption id=\"caption-attachment-1460\" class=\"wp-caption-text\">Cr\u00e9dito: Biscoito Fino\/Divulga\u00e7\u00e3o<\/figcaption><\/figure>\n<p>Baiana de Salvador, Simone Bittencourt de Oliveira foi jogadora de basquetebol e chegou a atuar pela Sele\u00e7\u00e3o Brasileira. A trajet\u00f3ria art\u00edstica teve in\u00edcio em 1972, ao participar de um programa na TV Bandeirantes. Ao longo da carreira lan\u00e7ou quase 40 discos &#8212; entre os de est\u00fadio e o gravados ao vivo &#8212; e acumulou incont\u00e1veis sucessos. Em Bras\u00edlia esteve v\u00e1rias vezes e na \u00faltima, em 2010, fez show <em>Amigo \u00e9 casa<\/em> no audit\u00f3rio master do Centro de Conven\u00e7\u00f5es Ulysses Guimar\u00e3es, em 2010, quando dividiu o palco com Z\u00e9lia Duncan.<\/p>\n<p>Transmiss\u00e3o pelos canais de Simone no Instagram, no Facebook e no YouTube.<\/p>\n<p>https:\/\/www.youtube.com\/watch?v=-d9wGd2rZz0<\/p>\n","protected":false},"excerpt":{"rendered":"<p>A cantora faz live hoje (25\/10), \u00e0s 18h, para homenagear o cantor e compositor que comemora 78 anos amanh\u00e3 (26)<\/p>\n","protected":false},"author":84,"featured_media":1456,"comment_status":"open","ping_status":"open","sticky":false,"template":"","format":"standard","meta":{"footnotes":""},"categories":[1],"tags":[],"class_list":["post-1455","post","type-post","status-publish","format-standard","has-post-thumbnail","hentry","category-sem-categoria"],"_links":{"self":[{"href":"https:\/\/blogs.correiobraziliense.com.br\/trilhasonora\/wp-json\/wp\/v2\/posts\/1455","targetHints":{"allow":["GET"]}}],"collection":[{"href":"https:\/\/blogs.correiobraziliense.com.br\/trilhasonora\/wp-json\/wp\/v2\/posts"}],"about":[{"href":"https:\/\/blogs.correiobraziliense.com.br\/trilhasonora\/wp-json\/wp\/v2\/types\/post"}],"author":[{"embeddable":true,"href":"https:\/\/blogs.correiobraziliense.com.br\/trilhasonora\/wp-json\/wp\/v2\/users\/84"}],"replies":[{"embeddable":true,"href":"https:\/\/blogs.correiobraziliense.com.br\/trilhasonora\/wp-json\/wp\/v2\/comments?post=1455"}],"version-history":[{"count":4,"href":"https:\/\/blogs.correiobraziliense.com.br\/trilhasonora\/wp-json\/wp\/v2\/posts\/1455\/revisions"}],"predecessor-version":[{"id":1461,"href":"https:\/\/blogs.correiobraziliense.com.br\/trilhasonora\/wp-json\/wp\/v2\/posts\/1455\/revisions\/1461"}],"wp:featuredmedia":[{"embeddable":true,"href":"https:\/\/blogs.correiobraziliense.com.br\/trilhasonora\/wp-json\/wp\/v2\/media\/1456"}],"wp:attachment":[{"href":"https:\/\/blogs.correiobraziliense.com.br\/trilhasonora\/wp-json\/wp\/v2\/media?parent=1455"}],"wp:term":[{"taxonomy":"category","embeddable":true,"href":"https:\/\/blogs.correiobraziliense.com.br\/trilhasonora\/wp-json\/wp\/v2\/categories?post=1455"},{"taxonomy":"post_tag","embeddable":true,"href":"https:\/\/blogs.correiobraziliense.com.br\/trilhasonora\/wp-json\/wp\/v2\/tags?post=1455"}],"curies":[{"name":"wp","href":"https:\/\/api.w.org\/{rel}","templated":true}]}}