{"id":1452,"date":"2020-10-23T17:51:10","date_gmt":"2020-10-23T20:51:10","guid":{"rendered":"https:\/\/blogs.correiobraziliense.com.br\/trilhasonora\/?p=1452"},"modified":"2020-10-23T17:51:10","modified_gmt":"2020-10-23T20:51:10","slug":"artigo-pele-e-a-musica","status":"publish","type":"post","link":"https:\/\/blogs.correiobraziliense.com.br\/trilhasonora\/artigo-pele-e-a-musica\/","title":{"rendered":"Artigo: Pel\u00e9 e a m\u00fasica"},"content":{"rendered":"<p>&#8221;Majestade futebol\u00edstica, ele marcou presen\u00e7a tamb\u00e9m na m\u00fasica &#8211; obviamente sem a mesma genialidade&#8221;. <a href=\"https:\/\/www.correiobraziliense.com.br\/opiniao\/2020\/10\/4884176-pele-e-a-musica.html\">Confira artigo publicado nesta sexta-feira (23\/10) no Correio Braziliense em homenagem aos 80 an<\/a><a href=\"https:\/\/www.correiobraziliense.com.br\/opiniao\/2020\/10\/4884176-pele-e-a-musica.html\">os de Pel\u00e9<\/a><\/p>\n<p><img loading=\"lazy\" decoding=\"async\" class=\"alignleft size-large wp-image-1453\" src=\"https:\/\/blogs.correiobraziliense.com.br\/trilhasonora\/wp-content\/uploads\/sites\/39\/2020\/10\/A10-OPI-2310_page-0001-592x1024.jpg\" alt=\"\" width=\"592\" height=\"1024\" srcset=\"https:\/\/blogs.correiobraziliense.com.br\/trilhasonora\/wp-content\/uploads\/sites\/39\/2020\/10\/A10-OPI-2310_page-0001-592x1024.jpg 592w, https:\/\/blogs.correiobraziliense.com.br\/trilhasonora\/wp-content\/uploads\/sites\/39\/2020\/10\/A10-OPI-2310_page-0001-173x300.jpg 173w, https:\/\/blogs.correiobraziliense.com.br\/trilhasonora\/wp-content\/uploads\/sites\/39\/2020\/10\/A10-OPI-2310_page-0001-550x951.jpg 550w, https:\/\/blogs.correiobraziliense.com.br\/trilhasonora\/wp-content\/uploads\/sites\/39\/2020\/10\/A10-OPI-2310_page-0001-230x398.jpg 230w, https:\/\/blogs.correiobraziliense.com.br\/trilhasonora\/wp-content\/uploads\/sites\/39\/2020\/10\/A10-OPI-2310_page-0001.jpg 739w\" sizes=\"auto, (max-width: 592px) 100vw, 592px\" \/><\/p>\n","protected":false},"excerpt":{"rendered":"<p>&#8221;Majestade futebol\u00edstica, ele marcou presen\u00e7a tamb\u00e9m na m\u00fasica &#8211; obviamente sem a mesma genialidade&#8221;. Confira artigo publicado nesta sexta-feira (23\/10) no Correio Braziliense em homenagem aos 80 anos de Pel\u00e9<\/p>\n","protected":false},"author":84,"featured_media":0,"comment_status":"open","ping_status":"open","sticky":false,"template":"","format":"standard","meta":{"footnotes":""},"categories":[1],"tags":[],"class_list":["post-1452","post","type-post","status-publish","format-standard","hentry","category-sem-categoria"],"_links":{"self":[{"href":"https:\/\/blogs.correiobraziliense.com.br\/trilhasonora\/wp-json\/wp\/v2\/posts\/1452","targetHints":{"allow":["GET"]}}],"collection":[{"href":"https:\/\/blogs.correiobraziliense.com.br\/trilhasonora\/wp-json\/wp\/v2\/posts"}],"about":[{"href":"https:\/\/blogs.correiobraziliense.com.br\/trilhasonora\/wp-json\/wp\/v2\/types\/post"}],"author":[{"embeddable":true,"href":"https:\/\/blogs.correiobraziliense.com.br\/trilhasonora\/wp-json\/wp\/v2\/users\/84"}],"replies":[{"embeddable":true,"href":"https:\/\/blogs.correiobraziliense.com.br\/trilhasonora\/wp-json\/wp\/v2\/comments?post=1452"}],"version-history":[{"count":1,"href":"https:\/\/blogs.correiobraziliense.com.br\/trilhasonora\/wp-json\/wp\/v2\/posts\/1452\/revisions"}],"predecessor-version":[{"id":1454,"href":"https:\/\/blogs.correiobraziliense.com.br\/trilhasonora\/wp-json\/wp\/v2\/posts\/1452\/revisions\/1454"}],"wp:attachment":[{"href":"https:\/\/blogs.correiobraziliense.com.br\/trilhasonora\/wp-json\/wp\/v2\/media?parent=1452"}],"wp:term":[{"taxonomy":"category","embeddable":true,"href":"https:\/\/blogs.correiobraziliense.com.br\/trilhasonora\/wp-json\/wp\/v2\/categories?post=1452"},{"taxonomy":"post_tag","embeddable":true,"href":"https:\/\/blogs.correiobraziliense.com.br\/trilhasonora\/wp-json\/wp\/v2\/tags?post=1452"}],"curies":[{"name":"wp","href":"https:\/\/api.w.org\/{rel}","templated":true}]}}