{"id":1445,"date":"2020-10-21T08:37:52","date_gmt":"2020-10-21T11:37:52","guid":{"rendered":"https:\/\/blogs.correiobraziliense.com.br\/trilhasonora\/?p=1445"},"modified":"2020-10-20T18:43:21","modified_gmt":"2020-10-20T21:43:21","slug":"conte-la-que-eu-canto-ca","status":"publish","type":"post","link":"https:\/\/blogs.correiobraziliense.com.br\/trilhasonora\/conte-la-que-eu-canto-ca\/","title":{"rendered":"Conte l\u00e1 que eu canto c\u00e1"},"content":{"rendered":"<p><strong>Espet\u00e1culo c\u00eanico-musical pode ser apreciado nesta quinta-feira (22\/10) na internet, em quatro hor\u00e1rios<\/strong><\/p>\n<p>Em cartaz h\u00e1 dois anos, o espet\u00e1culo c\u00eanico-musical <em>Conte l\u00e1 que eu canto c\u00e1<\/em>, <a href=\"https:\/\/www.correiobraziliense.com.br\/app\/noticia\/diversao-e-arte\/2020\/01\/23\/interna_diversao_arte,822659\/sertao-cantado.shtml\">depois de estrear em Bras\u00edlia<\/a>, cumprir turn\u00ea pelo pa\u00eds e ser levado \u00e0 \u00c1frica do Sul e Mo\u00e7ambique, poder\u00e1 ser apreciado na internet, em apresenta\u00e7\u00e3o na Alian\u00e7a Francesa. A pe\u00e7a, que re\u00fane a cantora e atriz Adriana Nunes, o ator Marcello Linhos &#8212; ambos da companhia de com\u00e9dia Os Melhores do Mundo &#8212; e os violonistas Marcello Lima e Nelson Latif, lan\u00e7a um novo olhar sobre o sert\u00e3o do pa\u00eds. com direito a sotaques variados e cen\u00e1rio l\u00fadico.<\/p>\n<p>M\u00fasicas entoadas e hist\u00f3rias contadas formam o conte\u00fado do musical com direito a sotaques variados, que inclui literatura de cordel, m\u00fasica caipira, moda de viola e toadas, que ser\u00e3o apresentadas virtualmente em cen\u00e1rio l\u00fadico. Com patroc\u00ednio do FAC &#8212; Fundo de Apoio \u00e0 Cultura do Distrito Federal, as apresenta\u00e7\u00f5es ser\u00e3o \u00e0s 10h e 15h, voltadas para as escolas; e \u00e0s 18h e 21h, para o p\u00fablico em geral.<\/p>\n<p><iframe loading=\"lazy\" title=\"Trechos do Espet\u00e1culo &quot;Conte l\u00e1 que eu Canto c\u00e1&quot;\" width=\"1440\" height=\"810\" src=\"https:\/\/www.youtube.com\/embed\/uYx9b1iRAWU?feature=oembed\" frameborder=\"0\" allow=\"accelerometer; autoplay; clipboard-write; encrypted-media; gyroscope; picture-in-picture; web-share\" referrerpolicy=\"strict-origin-when-cross-origin\" allowfullscreen><\/iframe><\/p>\n<p>&#8220;Somos naturai de Bras\u00edlia, lugar que acolheu pessoas de todas as regi\u00f5es do pa\u00eds e, por isso, tivemos o privil\u00e9gio de conviver com culturas diversas&#8221;, ressalta Adriana Nunes. &#8220;O espet\u00e1culo traz no repert\u00f3rio causos de Geraldinho de Goi\u00e1s, poesia matuta dos nordestinos Catulo da Paix\u00e3o Cearense e Patativa de Assar\u00e9, entremeados pelo forr\u00f3 de Sivuca e o pagode de viola de Ti\u00e3o Carreiro&#8221;, acrescenta. Com dire\u00e7\u00e3o de Magno Telles, Cante l\u00e1 que eu canto c\u00e1 tem produ\u00e7\u00e3o de Jaedson Paulo Jaedson.<\/p>\n<p><strong><em>Conte l\u00e1 que eu canto c\u00e1<\/em> <\/strong><br \/>\nApresenta\u00e7\u00e3o na quinta-feira (22\/10), \u00e0s 10h, 15h, 18h e 21h, no <a href=\"https:\/\/www.youtube.com\/channel\/UCFUd2cjfM8aHQAUOv9Q7K7A\">YouTube<\/a>.<\/p>\n","protected":false},"excerpt":{"rendered":"<p>Espet\u00e1culo c\u00eanico-musical pode ser apreciado nesta quinta-feira (22\/10) na internet, em quatro hor\u00e1rios<\/p>\n","protected":false},"author":84,"featured_media":1446,"comment_status":"open","ping_status":"open","sticky":false,"template":"","format":"standard","meta":{"footnotes":""},"categories":[1],"tags":[],"class_list":["post-1445","post","type-post","status-publish","format-standard","has-post-thumbnail","hentry","category-sem-categoria"],"_links":{"self":[{"href":"https:\/\/blogs.correiobraziliense.com.br\/trilhasonora\/wp-json\/wp\/v2\/posts\/1445","targetHints":{"allow":["GET"]}}],"collection":[{"href":"https:\/\/blogs.correiobraziliense.com.br\/trilhasonora\/wp-json\/wp\/v2\/posts"}],"about":[{"href":"https:\/\/blogs.correiobraziliense.com.br\/trilhasonora\/wp-json\/wp\/v2\/types\/post"}],"author":[{"embeddable":true,"href":"https:\/\/blogs.correiobraziliense.com.br\/trilhasonora\/wp-json\/wp\/v2\/users\/84"}],"replies":[{"embeddable":true,"href":"https:\/\/blogs.correiobraziliense.com.br\/trilhasonora\/wp-json\/wp\/v2\/comments?post=1445"}],"version-history":[{"count":2,"href":"https:\/\/blogs.correiobraziliense.com.br\/trilhasonora\/wp-json\/wp\/v2\/posts\/1445\/revisions"}],"predecessor-version":[{"id":1448,"href":"https:\/\/blogs.correiobraziliense.com.br\/trilhasonora\/wp-json\/wp\/v2\/posts\/1445\/revisions\/1448"}],"wp:featuredmedia":[{"embeddable":true,"href":"https:\/\/blogs.correiobraziliense.com.br\/trilhasonora\/wp-json\/wp\/v2\/media\/1446"}],"wp:attachment":[{"href":"https:\/\/blogs.correiobraziliense.com.br\/trilhasonora\/wp-json\/wp\/v2\/media?parent=1445"}],"wp:term":[{"taxonomy":"category","embeddable":true,"href":"https:\/\/blogs.correiobraziliense.com.br\/trilhasonora\/wp-json\/wp\/v2\/categories?post=1445"},{"taxonomy":"post_tag","embeddable":true,"href":"https:\/\/blogs.correiobraziliense.com.br\/trilhasonora\/wp-json\/wp\/v2\/tags?post=1445"}],"curies":[{"name":"wp","href":"https:\/\/api.w.org\/{rel}","templated":true}]}}