{"id":1432,"date":"2020-10-10T09:55:00","date_gmt":"2020-10-10T12:55:00","guid":{"rendered":"https:\/\/blogs.correiobraziliense.com.br\/trilhasonora\/?p=1432"},"modified":"2020-10-10T09:55:00","modified_gmt":"2020-10-10T12:55:00","slug":"jackson-do-pandeiro-tem-obra-contada-e-cantada-em-musical","status":"publish","type":"post","link":"https:\/\/blogs.correiobraziliense.com.br\/trilhasonora\/jackson-do-pandeiro-tem-obra-contada-e-cantada-em-musical\/","title":{"rendered":"Jackson do Pandeiro tem obra contada e cantada em musical"},"content":{"rendered":"<p><strong>Espet\u00e1culo do coletivo Barca dos Cora\u00e7\u00f5es Partidos homenageia o Rei do Ritmo<\/strong><\/p>\n<p>Grupo que se especializou em produzir e apresentar musicais tem\u00e1ticos, Barca dos Cora\u00e7\u00f5es Partidos, preparou um musical em homenagem a Jackson do Pandeiro. O espet\u00e1culo iria estrear em abril, no Rio de Janeiro e depois seguiria em turn\u00ea por outras capitais brasileiras. Mas por conta da pandemia, a agenda n\u00e3o pode ser cumprida. A pe\u00e7a, finalmente, vai ser apresentada hoje (10\/10), \u00e0s 20h, com transmiss\u00e3o simult\u00e2nea pelo\u00a0<a href=\"https:\/\/www.youtube.com\/channel\/UCzjNDgOQe4jBZuudNpaH-4A\">YouTube<\/a> e Canal Bis.<\/p>\n<p>Jos\u00e9 Gomes Filho, o Jackson do Pandeiro, nascido em 1919 em Alagoa Grande (PB), radicou-se no Rio de Janeiro na d\u00e9cada de 1950, onde deu prosseguimento \u00e0 carreira art\u00edstica, iniciada no Nordeste. Por ser autor e int\u00e9rprete de bai\u00e3o, coco, forr\u00f3 e samba, recebeu o codinome de Rei do Ritmo. Do seu vasto legado, registrado em mais de 10 discos &#8212; entre 78 rota\u00e7\u00f5es, compactos e LPs &#8212; destacam-se cl\u00e1ssicos como <em>Chiclete com Banana<\/em>, <em>Cantiga do sapo<\/em>, <em>O canto da ema<\/em> e <em>Sebastiana.<\/em><\/p>\n<figure id=\"attachment_1434\" aria-describedby=\"caption-attachment-1434\" style=\"width: 1800px\" class=\"wp-caption aligncenter\"><img loading=\"lazy\" decoding=\"async\" class=\"size-full wp-image-1434\" src=\"https:\/\/blogs.correiobraziliense.com.br\/trilhasonora\/wp-content\/uploads\/sites\/39\/2020\/10\/120726376_3621073474615861_3697167969867877567_o.jpg\" alt=\"\" width=\"1800\" height=\"1200\" srcset=\"https:\/\/blogs.correiobraziliense.com.br\/trilhasonora\/wp-content\/uploads\/sites\/39\/2020\/10\/120726376_3621073474615861_3697167969867877567_o.jpg 1800w, https:\/\/blogs.correiobraziliense.com.br\/trilhasonora\/wp-content\/uploads\/sites\/39\/2020\/10\/120726376_3621073474615861_3697167969867877567_o-300x200.jpg 300w, https:\/\/blogs.correiobraziliense.com.br\/trilhasonora\/wp-content\/uploads\/sites\/39\/2020\/10\/120726376_3621073474615861_3697167969867877567_o-768x512.jpg 768w, https:\/\/blogs.correiobraziliense.com.br\/trilhasonora\/wp-content\/uploads\/sites\/39\/2020\/10\/120726376_3621073474615861_3697167969867877567_o-1024x683.jpg 1024w, https:\/\/blogs.correiobraziliense.com.br\/trilhasonora\/wp-content\/uploads\/sites\/39\/2020\/10\/120726376_3621073474615861_3697167969867877567_o-1440x960.jpg 1440w, https:\/\/blogs.correiobraziliense.com.br\/trilhasonora\/wp-content\/uploads\/sites\/39\/2020\/10\/120726376_3621073474615861_3697167969867877567_o-550x367.jpg 550w, https:\/\/blogs.correiobraziliense.com.br\/trilhasonora\/wp-content\/uploads\/sites\/39\/2020\/10\/120726376_3621073474615861_3697167969867877567_o-230x153.jpg 230w\" sizes=\"auto, (max-width: 1800px) 100vw, 1800px\" \/><figcaption id=\"caption-attachment-1434\" class=\"wp-caption-text\">Cr\u00e9dito: @mangolim\/Divulga\u00e7\u00e3o<\/figcaption><\/figure>\n<p>Como o universo r\u00edtmico de Jackson do Pandeiro norteia toda a concep\u00e7\u00e3o musical do tributo, todas as composi\u00e7\u00f5es citadas fazem parte do roteiro do espet\u00e1culo, com texto de Br\u00e1ulio Tavares e Eduardo Rios, dire\u00e7\u00e3o de Dudu Maia, e dire\u00e7\u00e3o musical de Alfredo Del Penho e Beto Lemos. &#8220;Pode-se dizer que Jackson do Pandeiro era o Garrincha da m\u00fasica. Em sua obra, \u00e0s vezes o texto aparecia em forma de m\u00fasica, \u00e0s vezes como um poema musicado, sempre propondo uma nova brincadeira r\u00edtmica&#8221;, ressalta Tavares. O Rei do Ritmo morreu em 1982, em Sobradinho, aqui no Distrito Federal, para onde tinha vindo para show.<\/p>\n<p>A Barca dos Cora\u00e7\u00f5es Partidos j\u00e1 incursionou pela obra de M\u00e1rio de Andrade (<em>Macuna\u00edma, Uma Raps\u00f3dia Musical<\/em>) e de Ariano Suassuna (<em>O Auto do Reinado do C\u00e9u<\/em>); e encenou <em>\u00d3pera do Malandro<\/em> (Chico Buarque) e <a href=\"https:\/\/www.correiobraziliense.com.br\/app\/noticia\/diversao-e-arte\/2015\/07\/09\/interna_diversao_arte,489483\/musical-sobre-luiz-gonzaga-volta-a-brasilia.shtml\"><em>Gonzag\u00e3o &#8212; A Lenda<\/em>, que em turn\u00ea pelo pa\u00eds, cumpriu temporada em Bras\u00edlia<\/a>, no Teatro da Caixa, em em 2012.<\/p>\n<p><iframe loading=\"lazy\" title=\"Chiclete com Banana - Barca dos Cora\u00e7\u00f5es Partidos [CLIPE OFICIAL]\" width=\"1440\" height=\"810\" src=\"https:\/\/www.youtube.com\/embed\/LygbXMEn4I4?feature=oembed\" frameborder=\"0\" allow=\"accelerometer; autoplay; clipboard-write; encrypted-media; gyroscope; picture-in-picture; web-share\" referrerpolicy=\"strict-origin-when-cross-origin\" allowfullscreen><\/iframe><\/p>\n","protected":false},"excerpt":{"rendered":"<p>Espet\u00e1culo do coletivo Barca dos Cora\u00e7\u00f5es Partidos homenageia o Rei do Ritmo <\/p>\n","protected":false},"author":84,"featured_media":1433,"comment_status":"open","ping_status":"open","sticky":false,"template":"","format":"standard","meta":{"footnotes":""},"categories":[113],"tags":[],"class_list":["post-1432","post","type-post","status-publish","format-standard","has-post-thumbnail","hentry","category-materia"],"_links":{"self":[{"href":"https:\/\/blogs.correiobraziliense.com.br\/trilhasonora\/wp-json\/wp\/v2\/posts\/1432","targetHints":{"allow":["GET"]}}],"collection":[{"href":"https:\/\/blogs.correiobraziliense.com.br\/trilhasonora\/wp-json\/wp\/v2\/posts"}],"about":[{"href":"https:\/\/blogs.correiobraziliense.com.br\/trilhasonora\/wp-json\/wp\/v2\/types\/post"}],"author":[{"embeddable":true,"href":"https:\/\/blogs.correiobraziliense.com.br\/trilhasonora\/wp-json\/wp\/v2\/users\/84"}],"replies":[{"embeddable":true,"href":"https:\/\/blogs.correiobraziliense.com.br\/trilhasonora\/wp-json\/wp\/v2\/comments?post=1432"}],"version-history":[{"count":1,"href":"https:\/\/blogs.correiobraziliense.com.br\/trilhasonora\/wp-json\/wp\/v2\/posts\/1432\/revisions"}],"predecessor-version":[{"id":1435,"href":"https:\/\/blogs.correiobraziliense.com.br\/trilhasonora\/wp-json\/wp\/v2\/posts\/1432\/revisions\/1435"}],"wp:featuredmedia":[{"embeddable":true,"href":"https:\/\/blogs.correiobraziliense.com.br\/trilhasonora\/wp-json\/wp\/v2\/media\/1433"}],"wp:attachment":[{"href":"https:\/\/blogs.correiobraziliense.com.br\/trilhasonora\/wp-json\/wp\/v2\/media?parent=1432"}],"wp:term":[{"taxonomy":"category","embeddable":true,"href":"https:\/\/blogs.correiobraziliense.com.br\/trilhasonora\/wp-json\/wp\/v2\/categories?post=1432"},{"taxonomy":"post_tag","embeddable":true,"href":"https:\/\/blogs.correiobraziliense.com.br\/trilhasonora\/wp-json\/wp\/v2\/tags?post=1432"}],"curies":[{"name":"wp","href":"https:\/\/api.w.org\/{rel}","templated":true}]}}