{"id":1391,"date":"2020-09-20T18:06:07","date_gmt":"2020-09-20T21:06:07","guid":{"rendered":"https:\/\/blogs.correiobraziliense.com.br\/trilhasonora\/?p=1391"},"modified":"2020-09-20T18:06:07","modified_gmt":"2020-09-20T21:06:07","slug":"brilhante-e-transgressor","status":"publish","type":"post","link":"https:\/\/blogs.correiobraziliense.com.br\/trilhasonora\/brilhante-e-transgressor\/","title":{"rendered":"Brilhante e transgressor"},"content":{"rendered":"<p>O artista estreia \u00c0 flor da pele, antologia audiovisual, composta por entrevistas hist\u00f3ricas e clipes musicais. <a href=\"https:\/\/www.correiobraziliense.com.br\/diversao-e-arte\/2020\/09\/4876575-nao-tenho-saco-para-live-diz-ney-matogrosso-ao-correio.html\">A mat\u00e9ria foi publicada no domingo (20\/9) no caderno Divers\u00e3o &amp; Arte<\/a><\/p>\n<p><img loading=\"lazy\" decoding=\"async\" class=\"aligncenter size-full wp-image-1392\" src=\"https:\/\/blogs.correiobraziliense.com.br\/trilhasonora\/wp-content\/uploads\/sites\/39\/2020\/09\/A23-CID-2009_page-0001.jpg\" alt=\"\" width=\"1795\" height=\"1460\" srcset=\"https:\/\/blogs.correiobraziliense.com.br\/trilhasonora\/wp-content\/uploads\/sites\/39\/2020\/09\/A23-CID-2009_page-0001.jpg 1795w, https:\/\/blogs.correiobraziliense.com.br\/trilhasonora\/wp-content\/uploads\/sites\/39\/2020\/09\/A23-CID-2009_page-0001-300x244.jpg 300w, https:\/\/blogs.correiobraziliense.com.br\/trilhasonora\/wp-content\/uploads\/sites\/39\/2020\/09\/A23-CID-2009_page-0001-768x625.jpg 768w, https:\/\/blogs.correiobraziliense.com.br\/trilhasonora\/wp-content\/uploads\/sites\/39\/2020\/09\/A23-CID-2009_page-0001-1024x833.jpg 1024w, https:\/\/blogs.correiobraziliense.com.br\/trilhasonora\/wp-content\/uploads\/sites\/39\/2020\/09\/A23-CID-2009_page-0001-1440x1171.jpg 1440w, https:\/\/blogs.correiobraziliense.com.br\/trilhasonora\/wp-content\/uploads\/sites\/39\/2020\/09\/A23-CID-2009_page-0001-550x447.jpg 550w, https:\/\/blogs.correiobraziliense.com.br\/trilhasonora\/wp-content\/uploads\/sites\/39\/2020\/09\/A23-CID-2009_page-0001-230x187.jpg 230w\" sizes=\"auto, (max-width: 1795px) 100vw, 1795px\" \/><\/p>\n","protected":false},"excerpt":{"rendered":"<p>O artista estreia \u00c0 flor da pele, antologia audiovisual, composta por entrevistas hist\u00f3ricas e clipes musicais. A mat\u00e9ria foi publicada no domingo (20\/9) no caderno Divers\u00e3o &amp; Arte<\/p>\n","protected":false},"author":84,"featured_media":0,"comment_status":"open","ping_status":"open","sticky":false,"template":"","format":"standard","meta":{"footnotes":""},"categories":[1],"tags":[],"class_list":["post-1391","post","type-post","status-publish","format-standard","hentry","category-sem-categoria"],"_links":{"self":[{"href":"https:\/\/blogs.correiobraziliense.com.br\/trilhasonora\/wp-json\/wp\/v2\/posts\/1391","targetHints":{"allow":["GET"]}}],"collection":[{"href":"https:\/\/blogs.correiobraziliense.com.br\/trilhasonora\/wp-json\/wp\/v2\/posts"}],"about":[{"href":"https:\/\/blogs.correiobraziliense.com.br\/trilhasonora\/wp-json\/wp\/v2\/types\/post"}],"author":[{"embeddable":true,"href":"https:\/\/blogs.correiobraziliense.com.br\/trilhasonora\/wp-json\/wp\/v2\/users\/84"}],"replies":[{"embeddable":true,"href":"https:\/\/blogs.correiobraziliense.com.br\/trilhasonora\/wp-json\/wp\/v2\/comments?post=1391"}],"version-history":[{"count":1,"href":"https:\/\/blogs.correiobraziliense.com.br\/trilhasonora\/wp-json\/wp\/v2\/posts\/1391\/revisions"}],"predecessor-version":[{"id":1393,"href":"https:\/\/blogs.correiobraziliense.com.br\/trilhasonora\/wp-json\/wp\/v2\/posts\/1391\/revisions\/1393"}],"wp:attachment":[{"href":"https:\/\/blogs.correiobraziliense.com.br\/trilhasonora\/wp-json\/wp\/v2\/media?parent=1391"}],"wp:term":[{"taxonomy":"category","embeddable":true,"href":"https:\/\/blogs.correiobraziliense.com.br\/trilhasonora\/wp-json\/wp\/v2\/categories?post=1391"},{"taxonomy":"post_tag","embeddable":true,"href":"https:\/\/blogs.correiobraziliense.com.br\/trilhasonora\/wp-json\/wp\/v2\/tags?post=1391"}],"curies":[{"name":"wp","href":"https:\/\/api.w.org\/{rel}","templated":true}]}}