{"id":1369,"date":"2020-09-05T07:44:38","date_gmt":"2020-09-05T10:44:38","guid":{"rendered":"https:\/\/blogs.correiobraziliense.com.br\/trilhasonora\/?p=1369"},"modified":"2020-09-06T12:14:56","modified_gmt":"2020-09-06T15:14:56","slug":"capital-inicial-fara-live-em-brasilia-para-celebrar-o-7-de-setembro","status":"publish","type":"post","link":"https:\/\/blogs.correiobraziliense.com.br\/trilhasonora\/capital-inicial-fara-live-em-brasilia-para-celebrar-o-7-de-setembro\/","title":{"rendered":"Capital Inicial far\u00e1 live em Bras\u00edlia para celebrar o 7 de setembro"},"content":{"rendered":"<p><strong>A apresenta\u00e7\u00e3o ser\u00e1 \u00e0s 19h, no Centro Cultural Banco do Brasil<\/strong><\/p>\n<p>O Capital Inicial voltar\u00e1 nesta segunda-feira (7\/9) a Bras\u00edlia para uma live, \u00e0s 19h, no jardim do Centro Cultural Banco do Brasil. <a href=\"https:\/\/www.correiobraziliense.com.br\/app\/noticia\/diversao-e-arte\/2020\/07\/31\/interna_diversao_arte,876966\/curado-da-covid-19-dinho-ouro-preto-retorna-aos-palcos-em-formato-dri.shtml\">Em maio a banda esteve na cidade para show no <\/a>Drive Show\u00a0Nesta nova apresenta\u00e7\u00e3o, com mais de duas horas de dura\u00e7\u00e3o, Dinho Ouro Preto (vocal), Fl\u00e1vio Lemos (baixo), F\u00ea Lemos (bateria) e Yves Passarell (guitarra), acompanhados pelos m\u00fasicos de apoio Fabiano Carelli (guitarra) e Robledo Silva (teclados), revisitar\u00e3o sucessos do seu repert\u00f3rio como <em>\u00c0 sua maneira<\/em>, <em>Independ\u00eancia<\/em>, <em>M\u00fasica urbana<\/em>, <em>N\u00e3o olhe pra tr\u00e1s<\/em>,<em> Natasha<\/em>, <em>Olhos vermelhos<\/em>,<em> Primeiros erros<\/em> e <em>Tudo que vai.<\/em><\/p>\n<p>De acordo com a produ\u00e7\u00e3o, o show &#8212; com cen\u00e1rio e painel de LED &#8211;, ocorrer\u00e1 em ambiente seguro, seguindo as regras municipais de prote\u00e7\u00e3o, higieniza\u00e7\u00e3o e de conv\u00edvio, e o protocolo determinado pelas autoridades sanit\u00e1rias. Durante a live, haver\u00e1 a campanha criada pela Funda\u00e7\u00e3o Banco do Brasil para atendimento a pessoas em situa\u00e7\u00e3o de vulnerabilidade, que afeta v\u00e1rios setores do pa\u00eds, devido a pandemia causada pela covid 19. Os recursos ser\u00e3o utilizados para assist\u00eancia social, alimenta\u00e7\u00e3o, cuidados com a sa\u00fade, aquisi\u00e7\u00e3o de insumos e equipamentos hospitalares, repassados \u00e0 sociedade por meio de entidades privadas sem fins lucrativos e com not\u00f3ria atua\u00e7\u00e3o nas \u00e1reas de assist\u00eancia social e sa\u00fade.<\/p>\n<figure id=\"attachment_1371\" aria-describedby=\"caption-attachment-1371\" style=\"width: 800px\" class=\"wp-caption aligncenter\"><img loading=\"lazy\" decoding=\"async\" class=\"size-full wp-image-1371\" src=\"https:\/\/blogs.correiobraziliense.com.br\/trilhasonora\/wp-content\/uploads\/sites\/39\/2020\/09\/CBNFOT270820190055.jpg\" alt=\"\" width=\"800\" height=\"436\" srcset=\"https:\/\/blogs.correiobraziliense.com.br\/trilhasonora\/wp-content\/uploads\/sites\/39\/2020\/09\/CBNFOT270820190055.jpg 800w, https:\/\/blogs.correiobraziliense.com.br\/trilhasonora\/wp-content\/uploads\/sites\/39\/2020\/09\/CBNFOT270820190055-300x164.jpg 300w, https:\/\/blogs.correiobraziliense.com.br\/trilhasonora\/wp-content\/uploads\/sites\/39\/2020\/09\/CBNFOT270820190055-768x419.jpg 768w, https:\/\/blogs.correiobraziliense.com.br\/trilhasonora\/wp-content\/uploads\/sites\/39\/2020\/09\/CBNFOT270820190055-550x300.jpg 550w, https:\/\/blogs.correiobraziliense.com.br\/trilhasonora\/wp-content\/uploads\/sites\/39\/2020\/09\/CBNFOT270820190055-230x125.jpg 230w\" sizes=\"auto, (max-width: 800px) 100vw, 800px\" \/><figcaption id=\"caption-attachment-1371\" class=\"wp-caption-text\">2019. Cr\u00e9dito: Fernando Hiro\/Divulga\u00e7\u00e3o. Cultura. Banda Capital Inicial.<\/figcaption><\/figure>\n<p>Ao blog <strong>Trilha Sonora<\/strong> disse: &#8220;O Capital \u00e9 uma banda de estrada, que faz em m\u00e9dia 80 shows por ano, que emenda uma turn\u00ea com outra. Nos alimentamos do entusiasmo do p\u00fablico e amamos estar no palco. Com a pandemia, nossas asas foram cortadas e tivemos postergar nosso projeto de lan\u00e7amento do novo \u00e1lbum&#8221;. O vocalista acrescenta: &#8220;O CCBB nos foram ofereceu condi\u00e7\u00f5es muito boas para a apresenta\u00e7\u00e3o desta live, atendendo \u00e0s nossas exig\u00eancias e nossa vontade de tocar.O fato de ser em Bras\u00edlia, onde iniciamos nossa trajet\u00f3ria musical, \u00e9 um presente, que vamos retribuir levando alegria \u00e0s pessoas, na comemora\u00e7\u00e3o do 7 de setembro&#8221;.<\/p>\n<p><iframe loading=\"lazy\" title=\"Entrevista com Dinho Ouro Preto\" width=\"1333\" height=\"1000\" src=\"https:\/\/www.youtube.com\/embed\/xrYWD1RW-uY?feature=oembed\" frameborder=\"0\" allow=\"accelerometer; autoplay; clipboard-write; encrypted-media; gyroscope; picture-in-picture; web-share\" referrerpolicy=\"strict-origin-when-cross-origin\" allowfullscreen><\/iframe><\/p>\n","protected":false},"excerpt":{"rendered":"<p>A apresenta\u00e7\u00e3o ser\u00e1 \u00e0s 19h, no Centro Cultural Banco do Brasil O Capital Inicial voltar\u00e1 nesta segunda-feira (7\/9) a Bras\u00edlia para uma live, \u00e0s 19h, no jardim do Centro Cultural Banco do Brasil. Em maio a banda esteve na cidade para show no Drive Show\u00a0Nesta nova apresenta\u00e7\u00e3o, com mais de duas horas de dura\u00e7\u00e3o, Dinho Ouro Preto (vocal), Fl\u00e1vio Lemos [&hellip;]<\/p>\n","protected":false},"author":84,"featured_media":1370,"comment_status":"open","ping_status":"open","sticky":false,"template":"","format":"standard","meta":{"footnotes":""},"categories":[1],"tags":[],"class_list":["post-1369","post","type-post","status-publish","format-standard","has-post-thumbnail","hentry","category-sem-categoria"],"_links":{"self":[{"href":"https:\/\/blogs.correiobraziliense.com.br\/trilhasonora\/wp-json\/wp\/v2\/posts\/1369","targetHints":{"allow":["GET"]}}],"collection":[{"href":"https:\/\/blogs.correiobraziliense.com.br\/trilhasonora\/wp-json\/wp\/v2\/posts"}],"about":[{"href":"https:\/\/blogs.correiobraziliense.com.br\/trilhasonora\/wp-json\/wp\/v2\/types\/post"}],"author":[{"embeddable":true,"href":"https:\/\/blogs.correiobraziliense.com.br\/trilhasonora\/wp-json\/wp\/v2\/users\/84"}],"replies":[{"embeddable":true,"href":"https:\/\/blogs.correiobraziliense.com.br\/trilhasonora\/wp-json\/wp\/v2\/comments?post=1369"}],"version-history":[{"count":2,"href":"https:\/\/blogs.correiobraziliense.com.br\/trilhasonora\/wp-json\/wp\/v2\/posts\/1369\/revisions"}],"predecessor-version":[{"id":1374,"href":"https:\/\/blogs.correiobraziliense.com.br\/trilhasonora\/wp-json\/wp\/v2\/posts\/1369\/revisions\/1374"}],"wp:featuredmedia":[{"embeddable":true,"href":"https:\/\/blogs.correiobraziliense.com.br\/trilhasonora\/wp-json\/wp\/v2\/media\/1370"}],"wp:attachment":[{"href":"https:\/\/blogs.correiobraziliense.com.br\/trilhasonora\/wp-json\/wp\/v2\/media?parent=1369"}],"wp:term":[{"taxonomy":"category","embeddable":true,"href":"https:\/\/blogs.correiobraziliense.com.br\/trilhasonora\/wp-json\/wp\/v2\/categories?post=1369"},{"taxonomy":"post_tag","embeddable":true,"href":"https:\/\/blogs.correiobraziliense.com.br\/trilhasonora\/wp-json\/wp\/v2\/tags?post=1369"}],"curies":[{"name":"wp","href":"https:\/\/api.w.org\/{rel}","templated":true}]}}