{"id":1350,"date":"2020-08-16T16:52:40","date_gmt":"2020-08-16T19:52:40","guid":{"rendered":"https:\/\/blogs.correiobraziliense.com.br\/trilhasonora\/?p=1350"},"modified":"2020-08-16T16:52:40","modified_gmt":"2020-08-16T19:52:40","slug":"shows-do-clube-da-bossa","status":"publish","type":"post","link":"https:\/\/blogs.correiobraziliense.com.br\/trilhasonora\/shows-do-clube-da-bossa\/","title":{"rendered":"Shows do Clube da Bossa"},"content":{"rendered":"<h3>As apresenta\u00e7\u00f5es de Leny Andrade e Z\u00e9 Luiz Mazziotti e de artistas da cidade podem ser assistidos pelo <a href=\"https:\/\/www.youtube.com\/user\/clubedabossanova\">YouTube<\/a><\/h3>\n<p>Criado no final da d\u00e9cada de 1990, o Clube da Bossa de Bras\u00edlia iniciou as atividades na Musimed (505 Sul). Nos \u00faltimos oito anos desenvolveu sua programa\u00e7\u00e3o no Teatro S\u00edlvio Barbato, do Sesc, no t\u00e9rreo do Edif\u00edcio Eurico Dutra, no Setor Comercial Sul. <a href=\"https:\/\/www.correiobraziliense.com.br\/app\/noticia\/diversao-e-arte\/2020\/07\/29\/interna_diversao_arte,876487\/clube-da-bossa-lanca-no-youtube-apresentacoes-emblematicas-do-projeto.shtml\">Shows realizados em 2019 podem ser assistidos agora em v\u00eddeos pelo YouTube<\/a>.<\/p>\n<p>J\u00e1 foram postados <em>\u00c9 tempo de bossa<\/em> de Leny Andrade e Z\u00e9 Luiz Mazziotti; <em>P\u00e9rolas de Tom Jobim<\/em>, com o Duo Vieira (Ricardo e Rebeca Vieira); e <em>Mr. Bossa Nova<\/em>, com o Quarteto do Rio, em homenagem a Roberto Menescal. O pr\u00f3ximo ser\u00e1 o <em>Outras bossas<\/em>, de Salom\u00e3o de P\u00e1dua e Carol Nogueira, que poder\u00e1 ser visto no dia 22 deste m\u00eas.<\/p>\n<p>No dia 29, \u00e0s 11h, no Orbs Studios, M\u00e1rcia Tauil e o violonista F\u00e9lix Jr. apresentar\u00e3o uma live intitulada <em>Pro Menesca<\/em> (nome tamb\u00e9m de \u00e1lbum j\u00e1 gravado). Do repert\u00f3rio far\u00e3o parte <em>O cantador<\/em> (Dori Caimmy e Nelson Motta), <em>N\u00f3s e o mar<\/em> (Roberto Menescal e Ronaldo B\u00f4scoli), <em>Sem compromisso<\/em> (Geraldo Pereira), <em>Tem d\u00f3<\/em> (Baden Powell e Vinicius de Moraes), al\u00e9m de <em>Clube da Bossa<\/em>, que a cantora comp\u00f4s com Menescal. A programa\u00e7\u00e3o tem apoio do <strong>Correio Braziliense<\/strong>.<\/p>\n<h2>Reveja o mais recente v\u00eddeo do Clube da Bossa<\/h2>\n<p><iframe loading=\"lazy\" title=\"QUARTETO DO RIO NO CLUBE DA BOSSA DO BRASIL\" width=\"1440\" height=\"810\" src=\"https:\/\/www.youtube.com\/embed\/iTodoNgXsz8?feature=oembed\" frameborder=\"0\" allow=\"accelerometer; autoplay; clipboard-write; encrypted-media; gyroscope; picture-in-picture; web-share\" referrerpolicy=\"strict-origin-when-cross-origin\" allowfullscreen><\/iframe><\/p>\n","protected":false},"excerpt":{"rendered":"<p>As apresenta\u00e7\u00f5es de Leny Andrade e Z\u00e9 Luiz Mazziotti e de artistas da cidade podem ser assistidos pelo YouTube<\/p>\n","protected":false},"author":84,"featured_media":1351,"comment_status":"open","ping_status":"open","sticky":false,"template":"","format":"standard","meta":{"footnotes":""},"categories":[113],"tags":[200,201,31],"class_list":["post-1350","post","type-post","status-publish","format-standard","has-post-thumbnail","hentry","category-materia","tag-clube-da-bossa","tag-live","tag-shows"],"_links":{"self":[{"href":"https:\/\/blogs.correiobraziliense.com.br\/trilhasonora\/wp-json\/wp\/v2\/posts\/1350","targetHints":{"allow":["GET"]}}],"collection":[{"href":"https:\/\/blogs.correiobraziliense.com.br\/trilhasonora\/wp-json\/wp\/v2\/posts"}],"about":[{"href":"https:\/\/blogs.correiobraziliense.com.br\/trilhasonora\/wp-json\/wp\/v2\/types\/post"}],"author":[{"embeddable":true,"href":"https:\/\/blogs.correiobraziliense.com.br\/trilhasonora\/wp-json\/wp\/v2\/users\/84"}],"replies":[{"embeddable":true,"href":"https:\/\/blogs.correiobraziliense.com.br\/trilhasonora\/wp-json\/wp\/v2\/comments?post=1350"}],"version-history":[{"count":1,"href":"https:\/\/blogs.correiobraziliense.com.br\/trilhasonora\/wp-json\/wp\/v2\/posts\/1350\/revisions"}],"predecessor-version":[{"id":1352,"href":"https:\/\/blogs.correiobraziliense.com.br\/trilhasonora\/wp-json\/wp\/v2\/posts\/1350\/revisions\/1352"}],"wp:featuredmedia":[{"embeddable":true,"href":"https:\/\/blogs.correiobraziliense.com.br\/trilhasonora\/wp-json\/wp\/v2\/media\/1351"}],"wp:attachment":[{"href":"https:\/\/blogs.correiobraziliense.com.br\/trilhasonora\/wp-json\/wp\/v2\/media?parent=1350"}],"wp:term":[{"taxonomy":"category","embeddable":true,"href":"https:\/\/blogs.correiobraziliense.com.br\/trilhasonora\/wp-json\/wp\/v2\/categories?post=1350"},{"taxonomy":"post_tag","embeddable":true,"href":"https:\/\/blogs.correiobraziliense.com.br\/trilhasonora\/wp-json\/wp\/v2\/tags?post=1350"}],"curies":[{"name":"wp","href":"https:\/\/api.w.org\/{rel}","templated":true}]}}