{"id":134,"date":"2017-11-21T12:23:59","date_gmt":"2017-11-21T14:23:59","guid":{"rendered":"https:\/\/blogs.correiobraziliense.com.br\/trilhasonora\/?p=134"},"modified":"2017-11-21T18:28:50","modified_gmt":"2017-11-21T20:28:50","slug":"etno-banda","status":"publish","type":"post","link":"https:\/\/blogs.correiobraziliense.com.br\/trilhasonora\/etno-banda\/","title":{"rendered":"Vencedora de festival em Toronto, banda brasiliense Etno se destaca"},"content":{"rendered":"<h3>A banda Etno venceu o Indie Week Festival, em Toronto, no Canad\u00e1. O grupo \u00e9 um dos destaques da nova cena do rock brasiliense.<\/h3>\n<p>H\u00e1 quem diga que o rock de Bras\u00edlia anda estagnado. Mas aqui, ali surgem manifesta\u00e7\u00f5es de que n\u00e3o \u00e9 bem assim. Um exemplo recente foi dado pela banda Etno, ao conquistar o 1\u00ba lugar no Indie Week Festival, em Toronto, no Canad\u00e1. Mais de 250 grupos participaram do evento, sendo quatro do DF e um do Rio Grande do Sul.<\/p>\n<p>O Indie Week \u00e9 um festival de m\u00fasica, cinema e tecnologia, realizado anualmente durante seis dias. As bandas s\u00e3o avaliadas por membros da ind\u00fastria da m\u00fasica e a vencedora recebe como pr\u00eamio uma viagem paga para participar como l\u00edder do Indie Week em Manchester, em novembro de 2018.<br \/>\nDurante o festival, Tiago Freitas (voz), Vitor Fonseca (guitarra e voz), Iano Fazio (baixo e vocal), e Tiago Palma (bateria) lan\u00e7aram um single &#8212; a can\u00e7\u00e3o <em>Existe amanh\u00e3<\/em> &#8212; em todas as plataformas de streaming e com lyric v\u00eddeo. A m\u00fasica faz parte do segundo cap\u00edtulo do terceiro \u00e1lbum, gravado em est\u00fadio, com lan\u00e7amento previsto para o pr\u00f3ximo ano.<\/p>\n<p><iframe loading=\"lazy\" title=\"ETNO | Existe Amanha\u0303 - Lyric video\" width=\"1440\" height=\"810\" src=\"https:\/\/www.youtube.com\/embed\/X1hclfaiRqM?feature=oembed\" frameborder=\"0\" allow=\"accelerometer; autoplay; clipboard-write; encrypted-media; gyroscope; picture-in-picture; web-share\" referrerpolicy=\"strict-origin-when-cross-origin\" allowfullscreen><\/iframe><\/p>\n<p>Segundo Palma, a letra fala sobre obst\u00e1culos e de como as rela\u00e7\u00f5es entre as pessoas &#8220;acabam se tornando mais frias e distantes num mundo cada dia mais virtual&#8221;. O baterista, uma esp\u00e9cie de porta-voz da banda, acredita, por\u00e9m, que &#8220;sempre h\u00e1 possibilidade de come\u00e7ar um novo caminho&#8221;.<\/p>\n<p>A Etno, que comemora neste m\u00eas 15 anos de estrada, j\u00e1 lan\u00e7ou tr\u00eas CDs de est\u00fadio, dois EPs e sete v\u00eddeo-clipes. Palma destaca o fato de a banda j\u00e1 ter tocado para grandes p\u00fablicos. O recorde foi no Por\u00e3o do Rock, quando onde foi ouvida por 30 mil pessoas, ao dividir o palco com O Rappa, Na\u00e7\u00e3o Zumbi, Pitty, Dead Fish e Matanza. Al\u00e9m, de Toronto, a Etno j\u00e1 se apresentou em Los Angeles (EUA).<\/p>\n<p>No entendimento de Palma, o rock brasiliense est\u00e1 com f\u00f4lego renovado. &#8220;Hoje, a gente v\u00ea uma movimenta\u00e7\u00e3o maior das bandas que procuram se profissionalizar, abrir seus pr\u00f3prios espa\u00e7os e ocupar os que estavam abandonados. Vivemos um per\u00edodo mais empreendedor.&#8221; Ele, no entanto, critica a poucA abertura dada pelas casas noturnas ao rock autoral. &#8220;Por conta disso, buscamos os espa\u00e7os p\u00fablicos, como o Eix\u00e3o, a \u00e1rea externa do Teatro Dulcina no Conic, por exemplo.&#8221;<\/p>\n","protected":false},"excerpt":{"rendered":"<p>A banda Etno venceu o Indie Week Festival, em Toronto, no Canad\u00e1. O grupo \u00e9 um dos destaques da nova cena do rock brasiliense. <\/p>\n","protected":false},"author":84,"featured_media":137,"comment_status":"open","ping_status":"open","sticky":false,"template":"","format":"standard","meta":{"footnotes":""},"categories":[2],"tags":[61,26,36,62],"class_list":["post-134","post","type-post","status-publish","format-standard","has-post-thumbnail","hentry","category-musica","tag-banda","tag-brasilia","tag-musica","tag-rock"],"_links":{"self":[{"href":"https:\/\/blogs.correiobraziliense.com.br\/trilhasonora\/wp-json\/wp\/v2\/posts\/134","targetHints":{"allow":["GET"]}}],"collection":[{"href":"https:\/\/blogs.correiobraziliense.com.br\/trilhasonora\/wp-json\/wp\/v2\/posts"}],"about":[{"href":"https:\/\/blogs.correiobraziliense.com.br\/trilhasonora\/wp-json\/wp\/v2\/types\/post"}],"author":[{"embeddable":true,"href":"https:\/\/blogs.correiobraziliense.com.br\/trilhasonora\/wp-json\/wp\/v2\/users\/84"}],"replies":[{"embeddable":true,"href":"https:\/\/blogs.correiobraziliense.com.br\/trilhasonora\/wp-json\/wp\/v2\/comments?post=134"}],"version-history":[{"count":1,"href":"https:\/\/blogs.correiobraziliense.com.br\/trilhasonora\/wp-json\/wp\/v2\/posts\/134\/revisions"}],"predecessor-version":[{"id":136,"href":"https:\/\/blogs.correiobraziliense.com.br\/trilhasonora\/wp-json\/wp\/v2\/posts\/134\/revisions\/136"}],"wp:featuredmedia":[{"embeddable":true,"href":"https:\/\/blogs.correiobraziliense.com.br\/trilhasonora\/wp-json\/wp\/v2\/media\/137"}],"wp:attachment":[{"href":"https:\/\/blogs.correiobraziliense.com.br\/trilhasonora\/wp-json\/wp\/v2\/media?parent=134"}],"wp:term":[{"taxonomy":"category","embeddable":true,"href":"https:\/\/blogs.correiobraziliense.com.br\/trilhasonora\/wp-json\/wp\/v2\/categories?post=134"},{"taxonomy":"post_tag","embeddable":true,"href":"https:\/\/blogs.correiobraziliense.com.br\/trilhasonora\/wp-json\/wp\/v2\/tags?post=134"}],"curies":[{"name":"wp","href":"https:\/\/api.w.org\/{rel}","templated":true}]}}