{"id":1320,"date":"2020-08-07T11:03:16","date_gmt":"2020-08-07T14:03:16","guid":{"rendered":"https:\/\/blogs.correiobraziliense.com.br\/trilhasonora\/?p=1320"},"modified":"2020-08-07T11:03:16","modified_gmt":"2020-08-07T14:03:16","slug":"finalmente-caetano","status":"publish","type":"post","link":"https:\/\/blogs.correiobraziliense.com.br\/trilhasonora\/finalmente-caetano\/","title":{"rendered":"Finalmente, Caetano!"},"content":{"rendered":"<p>O artista baiano far\u00e1 a primeira live nesta sexta-feira (7\/8) no Globoplay, quando apresentar\u00e1 m\u00fasica in\u00e9dita composta pelo filho Tom. <a href=\"https:\/\/www.correiobraziliense.com.br\/diversao-e-arte\/2020\/08\/3986834-caetano-veloso-realiza-primeira-live-e-comemora-os-78-anos-nesta-sexta-feira--7-8.html\">Mat\u00e9ria publicada no caderno Divers\u00e3o &amp; Arte do Correio Braziliense<\/a>.<\/p>\n<p><img loading=\"lazy\" decoding=\"async\" class=\"aligncenter size-full wp-image-1321\" src=\"https:\/\/blogs.correiobraziliense.com.br\/trilhasonora\/wp-content\/uploads\/sites\/39\/2020\/08\/A20-DEA-0708_page-0001.jpg\" alt=\"\" width=\"701\" height=\"1733\" srcset=\"https:\/\/blogs.correiobraziliense.com.br\/trilhasonora\/wp-content\/uploads\/sites\/39\/2020\/08\/A20-DEA-0708_page-0001.jpg 701w, https:\/\/blogs.correiobraziliense.com.br\/trilhasonora\/wp-content\/uploads\/sites\/39\/2020\/08\/A20-DEA-0708_page-0001-121x300.jpg 121w, https:\/\/blogs.correiobraziliense.com.br\/trilhasonora\/wp-content\/uploads\/sites\/39\/2020\/08\/A20-DEA-0708_page-0001-414x1024.jpg 414w, https:\/\/blogs.correiobraziliense.com.br\/trilhasonora\/wp-content\/uploads\/sites\/39\/2020\/08\/A20-DEA-0708_page-0001-550x1360.jpg 550w, https:\/\/blogs.correiobraziliense.com.br\/trilhasonora\/wp-content\/uploads\/sites\/39\/2020\/08\/A20-DEA-0708_page-0001-230x569.jpg 230w\" sizes=\"auto, (max-width: 701px) 100vw, 701px\" \/><\/p>\n","protected":false},"excerpt":{"rendered":"<p>O artista baiano far\u00e1 a primeira live nesta sexta-feira (7\/8) no Globoplay, quando apresentar\u00e1 m\u00fasica in\u00e9dita composta pelo filho Tom. Mat\u00e9ria publicada no caderno Divers\u00e3o &amp; Arte do Correio Braziliense.<\/p>\n","protected":false},"author":84,"featured_media":0,"comment_status":"open","ping_status":"open","sticky":false,"template":"","format":"standard","meta":{"footnotes":""},"categories":[1],"tags":[],"class_list":["post-1320","post","type-post","status-publish","format-standard","hentry","category-sem-categoria"],"_links":{"self":[{"href":"https:\/\/blogs.correiobraziliense.com.br\/trilhasonora\/wp-json\/wp\/v2\/posts\/1320","targetHints":{"allow":["GET"]}}],"collection":[{"href":"https:\/\/blogs.correiobraziliense.com.br\/trilhasonora\/wp-json\/wp\/v2\/posts"}],"about":[{"href":"https:\/\/blogs.correiobraziliense.com.br\/trilhasonora\/wp-json\/wp\/v2\/types\/post"}],"author":[{"embeddable":true,"href":"https:\/\/blogs.correiobraziliense.com.br\/trilhasonora\/wp-json\/wp\/v2\/users\/84"}],"replies":[{"embeddable":true,"href":"https:\/\/blogs.correiobraziliense.com.br\/trilhasonora\/wp-json\/wp\/v2\/comments?post=1320"}],"version-history":[{"count":1,"href":"https:\/\/blogs.correiobraziliense.com.br\/trilhasonora\/wp-json\/wp\/v2\/posts\/1320\/revisions"}],"predecessor-version":[{"id":1322,"href":"https:\/\/blogs.correiobraziliense.com.br\/trilhasonora\/wp-json\/wp\/v2\/posts\/1320\/revisions\/1322"}],"wp:attachment":[{"href":"https:\/\/blogs.correiobraziliense.com.br\/trilhasonora\/wp-json\/wp\/v2\/media?parent=1320"}],"wp:term":[{"taxonomy":"category","embeddable":true,"href":"https:\/\/blogs.correiobraziliense.com.br\/trilhasonora\/wp-json\/wp\/v2\/categories?post=1320"},{"taxonomy":"post_tag","embeddable":true,"href":"https:\/\/blogs.correiobraziliense.com.br\/trilhasonora\/wp-json\/wp\/v2\/tags?post=1320"}],"curies":[{"name":"wp","href":"https:\/\/api.w.org\/{rel}","templated":true}]}}