{"id":1311,"date":"2020-07-31T16:05:36","date_gmt":"2020-07-31T19:05:36","guid":{"rendered":"https:\/\/blogs.correiobraziliense.com.br\/trilhasonora\/?p=1311"},"modified":"2020-07-31T16:09:16","modified_gmt":"2020-07-31T19:09:16","slug":"gal-e-rubel-recriam-em-duo-baby-de-caetano-veloso-um-classico-tropicalista","status":"publish","type":"post","link":"https:\/\/blogs.correiobraziliense.com.br\/trilhasonora\/gal-e-rubel-recriam-em-duo-baby-de-caetano-veloso-um-classico-tropicalista\/","title":{"rendered":"Gal e Rubel recriam em duo Baby, de Caetano Veloso, um cl\u00e1ssico tropicalista"},"content":{"rendered":"<p><em>Baby<\/em>, uma das mais belas can\u00e7\u00f5es de Caetano Veloso, foi gravada originalmente por Gal Costa no hist\u00f3rico \u00e1lbum <em>Tropic\u00e1lia &#8212; Panis et Circencis<\/em>, marco do movimento tropicalista, lan\u00e7ado em 1968. Posteriormente Gal inclui em outros discos, gravados ao vivo, inclusive o mais recente, <em>Pele do futuro<\/em>. Ao apresentar o show hom\u00f4nimo, em 1\u00ba de fevereiro deste ano, na Fundi\u00e7\u00e3o Progresso, na Lapa (Rio de Janeiro), voltou a interpret\u00e1-la.<\/p>\n<p>Naquela noite, quem abriu a programa\u00e7\u00e3o foi o cantor e compositor Rubel (com <em>Casas<\/em> e <em>Pearl<\/em>), um dos destaques da nova gera\u00e7\u00e3o da m\u00fasica popular brasileira. No show de Gal, houve a participa\u00e7\u00e3o de Rubel. Juntos, eles uniram as vozes numa emocionante a interpreta\u00e7\u00e3o de <em>Baby<\/em>, que foi registrada em clipe pelo videomaker e diretor de fotografia Jo\u00e3o Carlos Rocha. O clipe est\u00e1 sendo lan\u00e7ado hoje pela Biscoito Fino nas plataformas digitais.<\/p>\n<p><iframe loading=\"lazy\" title=\"Gal Costa &amp; Rubel - Baby (Ao Vivo)\" width=\"1440\" height=\"810\" src=\"https:\/\/www.youtube.com\/embed\/Zt3NLPxPeWc?feature=oembed\" frameborder=\"0\" allow=\"accelerometer; autoplay; clipboard-write; encrypted-media; gyroscope; picture-in-picture; web-share\" referrerpolicy=\"strict-origin-when-cross-origin\" allowfullscreen><\/iframe><\/p>\n<p>&#8220;A grava\u00e7\u00e3o captou muito bem o clima amoroso daquela noite, na Fundi\u00e7\u00e3o, com plateia lotada de gente jovem animad\u00edssima. Rubel entrou no meu show para cantar <em>Baby<\/em> comigo. Foi nosso primeiro encontro art\u00edstico. Fiquei contente como o resultado do clipe e de poder trabalhar com ele, um cantor e compositor que est\u00e1 construindo uma carreira muito bonita na m\u00fasica popular brasileira&#8221;, destaca Gal.<\/p>\n<p>Rubel deixa claro sua satisfa\u00e7\u00e3o por ter feito esse duo com Gal. &#8220;Se me contassem h\u00e1 10 anos que isso aconteceria, diria que \u00e9 mentira. Cantar com Gal Costa \u00e9 um sonho maior do que os que tive coragem de sonhar. Pisar naquele palco \u00e9 como pisar no territ\u00f3rio sagrado da m\u00fasica popular brasileira, amparado pelo carinho, aten\u00e7\u00e3o e generosidade com que Gal me recebeu&#8221;.<\/p>\n","protected":false},"excerpt":{"rendered":"<p>Baby, uma das mais belas can\u00e7\u00f5es de Caetano Veloso, foi gravada originalmente por Gal Costa no hist\u00f3rico \u00e1lbum Tropic\u00e1lia &#8212; Panis et Circencis, marco do movimento tropicalista, lan\u00e7ado em 1968. Posteriormente Gal inclui em outros discos, gravados ao vivo, inclusive o mais recente, Pele do futuro. Ao apresentar o show hom\u00f4nimo, em 1\u00ba de fevereiro deste ano, na Fundi\u00e7\u00e3o Progresso, [&hellip;]<\/p>\n","protected":false},"author":84,"featured_media":1312,"comment_status":"open","ping_status":"open","sticky":false,"template":"","format":"standard","meta":{"footnotes":""},"categories":[1],"tags":[],"class_list":["post-1311","post","type-post","status-publish","format-standard","has-post-thumbnail","hentry","category-sem-categoria"],"_links":{"self":[{"href":"https:\/\/blogs.correiobraziliense.com.br\/trilhasonora\/wp-json\/wp\/v2\/posts\/1311","targetHints":{"allow":["GET"]}}],"collection":[{"href":"https:\/\/blogs.correiobraziliense.com.br\/trilhasonora\/wp-json\/wp\/v2\/posts"}],"about":[{"href":"https:\/\/blogs.correiobraziliense.com.br\/trilhasonora\/wp-json\/wp\/v2\/types\/post"}],"author":[{"embeddable":true,"href":"https:\/\/blogs.correiobraziliense.com.br\/trilhasonora\/wp-json\/wp\/v2\/users\/84"}],"replies":[{"embeddable":true,"href":"https:\/\/blogs.correiobraziliense.com.br\/trilhasonora\/wp-json\/wp\/v2\/comments?post=1311"}],"version-history":[{"count":1,"href":"https:\/\/blogs.correiobraziliense.com.br\/trilhasonora\/wp-json\/wp\/v2\/posts\/1311\/revisions"}],"predecessor-version":[{"id":1313,"href":"https:\/\/blogs.correiobraziliense.com.br\/trilhasonora\/wp-json\/wp\/v2\/posts\/1311\/revisions\/1313"}],"wp:featuredmedia":[{"embeddable":true,"href":"https:\/\/blogs.correiobraziliense.com.br\/trilhasonora\/wp-json\/wp\/v2\/media\/1312"}],"wp:attachment":[{"href":"https:\/\/blogs.correiobraziliense.com.br\/trilhasonora\/wp-json\/wp\/v2\/media?parent=1311"}],"wp:term":[{"taxonomy":"category","embeddable":true,"href":"https:\/\/blogs.correiobraziliense.com.br\/trilhasonora\/wp-json\/wp\/v2\/categories?post=1311"},{"taxonomy":"post_tag","embeddable":true,"href":"https:\/\/blogs.correiobraziliense.com.br\/trilhasonora\/wp-json\/wp\/v2\/tags?post=1311"}],"curies":[{"name":"wp","href":"https:\/\/api.w.org\/{rel}","templated":true}]}}