{"id":1287,"date":"2020-07-24T12:34:56","date_gmt":"2020-07-24T15:34:56","guid":{"rendered":"https:\/\/blogs.correiobraziliense.com.br\/trilhasonora\/?p=1287"},"modified":"2020-07-24T13:27:47","modified_gmt":"2020-07-24T16:27:47","slug":"versao-de-copo-vazio-de-gilberto-gil-e-chico-buarque-gravada-em-2014-e-lancada","status":"publish","type":"post","link":"https:\/\/blogs.correiobraziliense.com.br\/trilhasonora\/versao-de-copo-vazio-de-gilberto-gil-e-chico-buarque-gravada-em-2014-e-lancada\/","title":{"rendered":"Vers\u00e3o de Copo vazio, de Gilberto Gil e Chico Buarque, gravada em 2014 \u00e9 lan\u00e7ada"},"content":{"rendered":"<p>Grava\u00e7\u00e3o in\u00e9dita de <em>Copo vazio<\/em> feita por Gilberto Gil e Chico Buarque de 2014 \u00e9 lan\u00e7ada agora em v\u00eddeo. A can\u00e7\u00e3o havia sido composta pelo eterno tropicalista, \u00e0 \u00e9poca da ditadura militar, para o disco <em>Sinal fechado<\/em>, do artista carioca, que era o alvo preferencial da censura federal.<\/p>\n<p>Durante os anos de chumbo, \u00e9poca da ditadura militar, havia uma forte censura sobre a obra de Chico Buarque. Ao gravar o \u00e1lbum <em>Sinal fechado<\/em>, ele solicitou que alguns companheiros de of\u00edcio criassem m\u00fasicas para aquele trabalho. Gil compareceu com <em>Copo vazio<\/em>. Em 2014, a pedido de Andrucha Waddington, que filmava <em>Rio, eu te amo<\/em>, e precisava na trilha de uma can\u00e7\u00e3o para a personagem Dona Fulana, interpretada por Fernanda Montenegro, Gil e Chico gravaram <em>Copo vazio<\/em>, e foram filmados no est\u00fadio do cantor e compositor baiano no bairro da G\u00e1vea, no Rio de Janeiro.<\/p>\n<p>Gil e Chico lan\u00e7aram, nesta sexta-feira (24\/7), a vers\u00e3o de <em>Copo vazio<\/em>, acompanhada de um clipe, com imagens in\u00e9ditas em est\u00fadio. Sobre a faixa, Gil fala: &#8220;A letra faz uma viagem ao mundo das coisas sutis, transcendentes, mas suas primeiras frases s\u00e3o muito significativas em termos do que estava acontecendo: regime de exce\u00e7\u00e3o, censura, o Chico privado de sua liberdade art\u00edstica plena!&#8221;<\/p>\n<p><iframe loading=\"lazy\" title=\"GILBERTO GIL E CHICO BUARQUE | COPO VAZIO\" width=\"1440\" height=\"810\" src=\"https:\/\/www.youtube.com\/embed\/mtKS3jpXt6I?feature=oembed\" frameborder=\"0\" allow=\"accelerometer; autoplay; clipboard-write; encrypted-media; gyroscope; picture-in-picture; web-share\" referrerpolicy=\"strict-origin-when-cross-origin\" allowfullscreen><\/iframe><\/p>\n<h2><em>Copo vazio<\/em><\/h2>\n<p><em>\u00c9 sempre bom lembrar<\/em><br \/>\n<em>Que um copo vazio<\/em><br \/>\n<em>Est\u00e1 cheio de ar<\/em><\/p>\n<p><em>\u00c9 sempre bom lembrar<\/em><br \/>\n<em>Que o ar sombrio de um rosto<\/em><br \/>\n<em>Est\u00e1 cheio de um ar vazio<\/em><br \/>\n<em>Vazio daquilo que no ar do copo <\/em><br \/>\n<em>Ocupa um lugar<\/em><\/p>\n<p><em>\u00c9 sempre bom lembrar<\/em><br \/>\n<em>Guardar de cor<\/em><br \/>\n<em>Que o ar vazio de um rosto sombrio<\/em><br \/>\n<em>Est\u00e1 cheio de dor<\/em><\/p>\n<p><em>\u00c9 sempre bom lembrar<\/em><br \/>\n<em>Que um copo vazio<\/em><br \/>\n<em>Est\u00e1 cheio de ar<\/em><\/p>\n<p><em>Que o ar no copo ocupa o lugar do vinho<\/em><br \/>\n<em>Que o vinho busca ocupar o lugar da dor<\/em><br \/>\n<em>Que a dor ocupa a metade da verdade<\/em><br \/>\n<em>A verdadeira natureza interior<\/em><br \/>\n<em>Uma metade cheia, uma metade vazia<\/em><br \/>\n<em>Uma metade tristeza, uma metade alegria<\/em><br \/>\n<em>A magia da verdade inteira, todo poderoso amor<\/em><br \/>\n<em>A magia da verdade inteira, todo poderoso amor<\/em><\/p>\n<p><em>\u00c9 sempre bom lembrar<\/em><br \/>\n<em>Que um copo vazio<\/em><br \/>\n<em>Est\u00e1 cheio de ar<\/em><\/p>\n","protected":false},"excerpt":{"rendered":"<p>Grava\u00e7\u00e3o in\u00e9dita de Copo vazio feita por Gilberto Gil e Chico Buarque de 2014 \u00e9 lan\u00e7ada agora em v\u00eddeo. A can\u00e7\u00e3o havia sido composta pelo eterno tropicalista, \u00e0 \u00e9poca da ditadura militar, para o disco Sinal fechado, do artista carioca, que era o alvo preferencial da censura federal. Durante os anos de chumbo, \u00e9poca da ditadura militar, havia uma forte [&hellip;]<\/p>\n","protected":false},"author":84,"featured_media":1290,"comment_status":"open","ping_status":"open","sticky":false,"template":"","format":"standard","meta":{"footnotes":""},"categories":[1],"tags":[],"class_list":["post-1287","post","type-post","status-publish","format-standard","has-post-thumbnail","hentry","category-sem-categoria"],"_links":{"self":[{"href":"https:\/\/blogs.correiobraziliense.com.br\/trilhasonora\/wp-json\/wp\/v2\/posts\/1287","targetHints":{"allow":["GET"]}}],"collection":[{"href":"https:\/\/blogs.correiobraziliense.com.br\/trilhasonora\/wp-json\/wp\/v2\/posts"}],"about":[{"href":"https:\/\/blogs.correiobraziliense.com.br\/trilhasonora\/wp-json\/wp\/v2\/types\/post"}],"author":[{"embeddable":true,"href":"https:\/\/blogs.correiobraziliense.com.br\/trilhasonora\/wp-json\/wp\/v2\/users\/84"}],"replies":[{"embeddable":true,"href":"https:\/\/blogs.correiobraziliense.com.br\/trilhasonora\/wp-json\/wp\/v2\/comments?post=1287"}],"version-history":[{"count":2,"href":"https:\/\/blogs.correiobraziliense.com.br\/trilhasonora\/wp-json\/wp\/v2\/posts\/1287\/revisions"}],"predecessor-version":[{"id":1291,"href":"https:\/\/blogs.correiobraziliense.com.br\/trilhasonora\/wp-json\/wp\/v2\/posts\/1287\/revisions\/1291"}],"wp:featuredmedia":[{"embeddable":true,"href":"https:\/\/blogs.correiobraziliense.com.br\/trilhasonora\/wp-json\/wp\/v2\/media\/1290"}],"wp:attachment":[{"href":"https:\/\/blogs.correiobraziliense.com.br\/trilhasonora\/wp-json\/wp\/v2\/media?parent=1287"}],"wp:term":[{"taxonomy":"category","embeddable":true,"href":"https:\/\/blogs.correiobraziliense.com.br\/trilhasonora\/wp-json\/wp\/v2\/categories?post=1287"},{"taxonomy":"post_tag","embeddable":true,"href":"https:\/\/blogs.correiobraziliense.com.br\/trilhasonora\/wp-json\/wp\/v2\/tags?post=1287"}],"curies":[{"name":"wp","href":"https:\/\/api.w.org\/{rel}","templated":true}]}}