{"id":1187,"date":"2020-04-21T06:35:00","date_gmt":"2020-04-21T09:35:00","guid":{"rendered":"https:\/\/blogs.correiobraziliense.com.br\/trilhasonora\/?p=1187"},"modified":"2020-04-20T20:43:58","modified_gmt":"2020-04-20T23:43:58","slug":"brasilia-60-anos-de-musica","status":"publish","type":"post","link":"https:\/\/blogs.correiobraziliense.com.br\/trilhasonora\/brasilia-60-anos-de-musica\/","title":{"rendered":"Bras\u00edlia &#8212; 60 anos de m\u00fasica"},"content":{"rendered":"<p>Tida como a mais popular das manifesta\u00e7\u00f5es culturais brasileiras, a m\u00fasica vem tendo presen\u00e7a marcante em Bras\u00edlia desde os prim\u00f3rdios. Nos primeiros anos da nova capital era ouvida no piano bar do Bras\u00edlia Palace Hotel, onde se apresentava a cantora pioneira Gl\u00f3ria Maria; nos programas de audit\u00f3rio da R\u00e1dio Nacional, que tinha o cantor Fernando Lopes &#8212; um raro remanescente daquela \u00e9poca &#8212; como a maior atra\u00e7\u00e3o; e ainda em boates da W3 Sul e da Cidade Livre (atual N\u00facleo Bandeirante).<\/p>\n<figure id=\"attachment_1189\" aria-describedby=\"caption-attachment-1189\" style=\"width: 800px\" class=\"wp-caption aligncenter\"><img loading=\"lazy\" decoding=\"async\" class=\"wp-image-1189 size-full\" src=\"https:\/\/blogs.correiobraziliense.com.br\/trilhasonora\/wp-content\/uploads\/sites\/39\/2020\/04\/CBPFOT140420100025.jpg\" alt=\"\" width=\"800\" height=\"534\" srcset=\"https:\/\/blogs.correiobraziliense.com.br\/trilhasonora\/wp-content\/uploads\/sites\/39\/2020\/04\/CBPFOT140420100025.jpg 800w, https:\/\/blogs.correiobraziliense.com.br\/trilhasonora\/wp-content\/uploads\/sites\/39\/2020\/04\/CBPFOT140420100025-300x200.jpg 300w, https:\/\/blogs.correiobraziliense.com.br\/trilhasonora\/wp-content\/uploads\/sites\/39\/2020\/04\/CBPFOT140420100025-768x513.jpg 768w, https:\/\/blogs.correiobraziliense.com.br\/trilhasonora\/wp-content\/uploads\/sites\/39\/2020\/04\/CBPFOT140420100025-550x367.jpg 550w, https:\/\/blogs.correiobraziliense.com.br\/trilhasonora\/wp-content\/uploads\/sites\/39\/2020\/04\/CBPFOT140420100025-230x154.jpg 230w\" sizes=\"auto, (max-width: 800px) 100vw, 800px\" \/><figcaption id=\"caption-attachment-1189\" class=\"wp-caption-text\">19\/10\/1977. Cr\u00e9dito: Ant\u00f4nio Cruz\/CB\/D.A Press. Cantor Oswaldo Montenegro.<\/figcaption><\/figure>\n<p>Nos anos 1970 come\u00e7aram a surgir os primeiros talentos que iniciaram carreira na cidade. Para que o p\u00fablico viesse a tomar conhecimento de, entre outros, os cantores e compositores Oswaldo Montenegro e Renato Matos, o grupo mambembe Liga Tripa, a banda pop Mel da Terra, foi determinante projetos como o Concerto Cabe\u00e7as, no gramado da 311 Sul; o Panel\u00e3o da Arte, na 312 Sul; e o Canta Gavi\u00e3o, no Cruzeiro Velho; e tamb\u00e9m o palco do Teatro do Sesc, na 913 Sul, palco em que o brasiliense apreciou pela primeira vez a voz bossanovista de Rosa Passos, que viria a seguir carreira internacional.<\/p>\n<figure id=\"attachment_1190\" aria-describedby=\"caption-attachment-1190\" style=\"width: 800px\" class=\"wp-caption aligncenter\"><img loading=\"lazy\" decoding=\"async\" class=\"wp-image-1190 size-full\" src=\"https:\/\/blogs.correiobraziliense.com.br\/trilhasonora\/wp-content\/uploads\/sites\/39\/2020\/04\/CBNFOT020120150977.jpg\" alt=\"\" width=\"800\" height=\"465\" srcset=\"https:\/\/blogs.correiobraziliense.com.br\/trilhasonora\/wp-content\/uploads\/sites\/39\/2020\/04\/CBNFOT020120150977.jpg 800w, https:\/\/blogs.correiobraziliense.com.br\/trilhasonora\/wp-content\/uploads\/sites\/39\/2020\/04\/CBNFOT020120150977-300x174.jpg 300w, https:\/\/blogs.correiobraziliense.com.br\/trilhasonora\/wp-content\/uploads\/sites\/39\/2020\/04\/CBNFOT020120150977-768x446.jpg 768w, https:\/\/blogs.correiobraziliense.com.br\/trilhasonora\/wp-content\/uploads\/sites\/39\/2020\/04\/CBNFOT020120150977-550x320.jpg 550w, https:\/\/blogs.correiobraziliense.com.br\/trilhasonora\/wp-content\/uploads\/sites\/39\/2020\/04\/CBNFOT020120150977-230x134.jpg 230w\" sizes=\"auto, (max-width: 800px) 100vw, 800px\" \/><figcaption id=\"caption-attachment-1190\" class=\"wp-caption-text\">Cr\u00e9dito: Arquivo CB\/D.A Press. Integrantes da banda Legi\u00e3o Urbana, Renato Rocha (e), o Negrete; Renato Russo (\u00f3culos), Dado Villa-Lobos (c), e Marcelo Bonf\u00e1.<\/figcaption><\/figure>\n<p>Um dos per\u00edodos mais importantes musicalmente no DF foi o dos anos 1980, quando Bras\u00edlia se tornou conhecida como capital do rock. O que levou a isso foi o surgimento da Legi\u00e3o Urbana e do Capital Inicial (origin\u00e1rias da Aborto El\u00e9trico) e da Plebe Rude, que colocaram Bras\u00edlia no mapa da m\u00fasica brasileira. Teatro Galp\u00e3o(508 Sul), gin\u00e1sio de esportes do Col\u00e9gio Marista, Audit\u00f3rio Associa\u00e7\u00e3o Brasileira de Odontologia (916 Sul) e Teatro Rolla Pedra, em Taguatinga, foram alguns dos locais que abriram espa\u00e7o para estas bandas, antes de se tornarem famosas. Detrito Federal, Escola de Esc\u00e2ndalos, Finis Africae, Elite Sofisticada e Peter Perfeito, forma outras bandas que n\u00e3o chegaram a prosperar.<\/p>\n<figure id=\"attachment_1191\" aria-describedby=\"caption-attachment-1191\" style=\"width: 800px\" class=\"wp-caption aligncenter\"><img loading=\"lazy\" decoding=\"async\" class=\"size-full wp-image-1191\" src=\"https:\/\/blogs.correiobraziliense.com.br\/trilhasonora\/wp-content\/uploads\/sites\/39\/2020\/04\/CBNFOT190520150820.jpg\" alt=\"\" width=\"800\" height=\"538\" srcset=\"https:\/\/blogs.correiobraziliense.com.br\/trilhasonora\/wp-content\/uploads\/sites\/39\/2020\/04\/CBNFOT190520150820.jpg 800w, https:\/\/blogs.correiobraziliense.com.br\/trilhasonora\/wp-content\/uploads\/sites\/39\/2020\/04\/CBNFOT190520150820-300x202.jpg 300w, https:\/\/blogs.correiobraziliense.com.br\/trilhasonora\/wp-content\/uploads\/sites\/39\/2020\/04\/CBNFOT190520150820-768x516.jpg 768w, https:\/\/blogs.correiobraziliense.com.br\/trilhasonora\/wp-content\/uploads\/sites\/39\/2020\/04\/CBNFOT190520150820-550x370.jpg 550w, https:\/\/blogs.correiobraziliense.com.br\/trilhasonora\/wp-content\/uploads\/sites\/39\/2020\/04\/CBNFOT190520150820-230x155.jpg 230w\" sizes=\"auto, (max-width: 800px) 100vw, 800px\" \/><figcaption id=\"caption-attachment-1191\" class=\"wp-caption-text\">28\/01\/1988. Cr\u00e9dito: Carlos Jacobina\/CB\/D.A Press. Brasil. Bras\u00edlia &#8211; DF. Cantora C\u00e1ssia Eller e banda, atra\u00e7\u00e3o nas noites de quinta-feira no Bar Bom Demais, na 706 Norte.<\/figcaption><\/figure>\n<p>O rock continuou dando o tom na d\u00e9cada de 1990, com Raimundos, Little Quail, Low Dream, que tinham o Gate\u00b4s Pub (403 Sul) e Teatro Garagem (913 Sul) como principais palcos para mostrar o som que faziam. O reggae do Nativus (que depois passou a se chamar Natiruts) e do Maskavo Roots tamb\u00e9m apareceram com destaque. Foi ainda no come\u00e7o daquela d\u00e9cada, que Cassia Eller e Z\u00e9lia Duncan &#8212; depois de brilharem no circuito noturno brasiliense &#8212; deixaram Bras\u00edlia e se radicaram no Rio de Janeiro e se tornarem estrelas da MPB.<\/p>\n<figure id=\"attachment_1192\" aria-describedby=\"caption-attachment-1192\" style=\"width: 800px\" class=\"wp-caption aligncenter\"><img loading=\"lazy\" decoding=\"async\" class=\"size-full wp-image-1192\" src=\"https:\/\/blogs.correiobraziliense.com.br\/trilhasonora\/wp-content\/uploads\/sites\/39\/2020\/04\/CBNFOT091020180057.jpg\" alt=\"\" width=\"800\" height=\"547\" srcset=\"https:\/\/blogs.correiobraziliense.com.br\/trilhasonora\/wp-content\/uploads\/sites\/39\/2020\/04\/CBNFOT091020180057.jpg 800w, https:\/\/blogs.correiobraziliense.com.br\/trilhasonora\/wp-content\/uploads\/sites\/39\/2020\/04\/CBNFOT091020180057-300x205.jpg 300w, https:\/\/blogs.correiobraziliense.com.br\/trilhasonora\/wp-content\/uploads\/sites\/39\/2020\/04\/CBNFOT091020180057-768x525.jpg 768w, https:\/\/blogs.correiobraziliense.com.br\/trilhasonora\/wp-content\/uploads\/sites\/39\/2020\/04\/CBNFOT091020180057-550x376.jpg 550w, https:\/\/blogs.correiobraziliense.com.br\/trilhasonora\/wp-content\/uploads\/sites\/39\/2020\/04\/CBNFOT091020180057-230x157.jpg 230w\" sizes=\"auto, (max-width: 800px) 100vw, 800px\" \/><figcaption id=\"caption-attachment-1192\" class=\"wp-caption-text\">04\/03\/2018. Cr\u00e9dito: G.Cassano\/Divulga\u00e7\u00e3o. Hamilton de Holanda toca Jacob do Bandolim.<\/figcaption><\/figure>\n<p>Bras\u00edlia se tornaria, entre as d\u00e9cadas de 2000 e 2010, uma aut\u00eantica babel sonora, com o crescimento da cena fortalecimento da cena musical candanga, para a qual muito contribu\u00edram espa\u00e7os como Clube do Choro (Eixo Monumental), Feiti\u00e7o Mineiro (306 Norte), Outro Calaf (Setor Banc\u00e1rio Sul), que passaram a acolher grupos de choro, samba, jazz, pop, rock, al\u00e9m de projetos solos de criadores e int\u00e9rpretes de estilos diversos. A gera\u00e7\u00e3o dessas duas \u00faltimas d\u00e9cadas teve como maior representante o bandolinista Hamilton de Holanda, hoje um dos m\u00fasicos brasileiros com maiores presen\u00e7a e destaque no pa\u00eds e no exterior.<\/p>\n<p><strong>L\u00e9o e Bia de Oswaldo Montenegro<\/strong><\/p>\n<p><iframe loading=\"lazy\" title=\"Oswaldo Montenegro - L\u00e9o e Bia\" width=\"1440\" height=\"810\" src=\"https:\/\/www.youtube.com\/embed\/W55EROfwMwI?feature=oembed\" frameborder=\"0\" allow=\"accelerometer; autoplay; clipboard-write; encrypted-media; gyroscope; picture-in-picture; web-share\" referrerpolicy=\"strict-origin-when-cross-origin\" allowfullscreen><\/iframe><\/p>\n<p><strong>Eduardo e M\u00f4nica da Legi\u00e3o Urbana<\/strong><\/p>\n<p><iframe loading=\"lazy\" title=\"Legi\u00e3o Urbana \u00b7 Eduardo e M\u00f4nica\" width=\"1333\" height=\"1000\" src=\"https:\/\/www.youtube.com\/embed\/bsutUab2fkI?feature=oembed\" frameborder=\"0\" allow=\"accelerometer; autoplay; clipboard-write; encrypted-media; gyroscope; picture-in-picture; web-share\" referrerpolicy=\"strict-origin-when-cross-origin\" allowfullscreen><\/iframe><\/p>\n","protected":false},"excerpt":{"rendered":"<p>Tida como a mais popular das manifesta\u00e7\u00f5es culturais brasileiras, a m\u00fasica vem tendo presen\u00e7a marcante em Bras\u00edlia desde os prim\u00f3rdios. Nos primeiros anos da nova capital era ouvida no piano bar do Bras\u00edlia Palace Hotel, onde se apresentava a cantora pioneira Gl\u00f3ria Maria; nos programas de audit\u00f3rio da R\u00e1dio Nacional, que tinha o cantor Fernando Lopes &#8212; um raro remanescente [&hellip;]<\/p>\n","protected":false},"author":84,"featured_media":1188,"comment_status":"open","ping_status":"open","sticky":false,"template":"","format":"standard","meta":{"footnotes":""},"categories":[113],"tags":[],"class_list":["post-1187","post","type-post","status-publish","format-standard","has-post-thumbnail","hentry","category-materia"],"_links":{"self":[{"href":"https:\/\/blogs.correiobraziliense.com.br\/trilhasonora\/wp-json\/wp\/v2\/posts\/1187","targetHints":{"allow":["GET"]}}],"collection":[{"href":"https:\/\/blogs.correiobraziliense.com.br\/trilhasonora\/wp-json\/wp\/v2\/posts"}],"about":[{"href":"https:\/\/blogs.correiobraziliense.com.br\/trilhasonora\/wp-json\/wp\/v2\/types\/post"}],"author":[{"embeddable":true,"href":"https:\/\/blogs.correiobraziliense.com.br\/trilhasonora\/wp-json\/wp\/v2\/users\/84"}],"replies":[{"embeddable":true,"href":"https:\/\/blogs.correiobraziliense.com.br\/trilhasonora\/wp-json\/wp\/v2\/comments?post=1187"}],"version-history":[{"count":2,"href":"https:\/\/blogs.correiobraziliense.com.br\/trilhasonora\/wp-json\/wp\/v2\/posts\/1187\/revisions"}],"predecessor-version":[{"id":1194,"href":"https:\/\/blogs.correiobraziliense.com.br\/trilhasonora\/wp-json\/wp\/v2\/posts\/1187\/revisions\/1194"}],"wp:featuredmedia":[{"embeddable":true,"href":"https:\/\/blogs.correiobraziliense.com.br\/trilhasonora\/wp-json\/wp\/v2\/media\/1188"}],"wp:attachment":[{"href":"https:\/\/blogs.correiobraziliense.com.br\/trilhasonora\/wp-json\/wp\/v2\/media?parent=1187"}],"wp:term":[{"taxonomy":"category","embeddable":true,"href":"https:\/\/blogs.correiobraziliense.com.br\/trilhasonora\/wp-json\/wp\/v2\/categories?post=1187"},{"taxonomy":"post_tag","embeddable":true,"href":"https:\/\/blogs.correiobraziliense.com.br\/trilhasonora\/wp-json\/wp\/v2\/tags?post=1187"}],"curies":[{"name":"wp","href":"https:\/\/api.w.org\/{rel}","templated":true}]}}