{"id":1183,"date":"2020-04-14T13:32:52","date_gmt":"2020-04-14T16:32:52","guid":{"rendered":"https:\/\/blogs.correiobraziliense.com.br\/trilhasonora\/?p=1183"},"modified":"2020-04-14T13:32:52","modified_gmt":"2020-04-14T16:32:52","slug":"opiniao-meio-bossa-nova-e-rocknroll","status":"publish","type":"post","link":"https:\/\/blogs.correiobraziliense.com.br\/trilhasonora\/opiniao-meio-bossa-nova-e-rocknroll\/","title":{"rendered":"Opini\u00e3o: Meio bossa nova e rock&#8217;n&#8217;roll"},"content":{"rendered":"<p>Confesso que nunca me dediquei tanto \u00e0 leitura como agora, quando busco fugir da ociosidade na quarentena determinada pela maldita pandemia de coronav\u00edrus. Tenho ocupado meu tempo voltando a livros que, pela correria do dia, fui enfileirando na estante. Quase todos s\u00e3o publica\u00e7\u00f5es ligadas \u00e0 m\u00fasica, manifesta\u00e7\u00e3o art\u00edstica com a qual tenho profunda liga\u00e7\u00e3o.<\/p>\n<p>Alguns cheguei a come\u00e7ar a ler, mas n\u00e3o conclu\u00ed. Outros tomei conhecimento, apenas superficialmente, do que se tratava. Vivia me prometendo de voltar a eles. At\u00e9 que enfim, prazeirosamente, consegui.<\/p>\n<p>Falo de <em>Verdade Tropical<\/em> (Caetano Veloso), <em>Os sonhos n\u00e3o envelhecem \u2014 Hist\u00f3rias do Clube da Esquina<\/em> (M\u00e1rcio Borges), <em>Uma autobiografia<\/em> (Rita Lee) e<em> 101 Can\u00e7\u00f5es que Tocaram o Brasil<\/em> (Nelson Motta). Est\u00e3o na fila <em>A Noite do Meu Bem \u2014 Hist\u00f3ria e hist\u00f3rias do samba-can\u00e7\u00e3o<\/em> e <em>Elis Regina \u2014 Nada Ser\u00e1 como Antes<\/em> (J\u00falio Maria), al\u00e9m de <em>Essa gente<\/em> (Chico Buarque),um dos \u00faltimos que adquiri.<\/p>\n<p>Para relaxar, tenho visto shows, document\u00e1rios e programas de entrevista nos canais GNT, Curta!, Arte 1 e Bis. Neste \u00faltimo, por exemplo, finalmente assisti, na s\u00e9rie<em> Vers\u00f5es<\/em>, a competente releitura da banda mato-grossense Vanguart para cl\u00e1ssicos de Bob Dylan.<\/p>\n<p>J\u00e1 no Canal Brasil, revi <em>Fevereiros<\/em> (havia visto antes no Espa\u00e7o Ita\u00fa de Cinema, no shopping Casa Park), document\u00e1rio sobre a vit\u00f3ria da Mangueira, no carnaval de 2016, com o enredo que homenageava Maria Beth\u00e2nia. O filme mostra tamb\u00e9m a cantora na festa de Nossa Senhora da Purifica\u00e7\u00e3o, em Santo Amaro (terra natal dela), onde estive recentemente na casa de Dona Can\u00f4 para entrevistar <a href=\"https:\/\/www.correiobraziliense.com.br\/app\/noticia\/diversao-e-arte\/2020\/02\/12\/interna_diversao_arte,827450\/entrevista-com-rodrigo-velloso.shtml\">Rodrigo Veloso, o primog\u00eanito do cl\u00e3 dos Velloso, mat\u00e9ria publicada pelo Correio<\/a>.<\/p>\n<p>Ali\u00e1s, \u00e9 bom que se diga, que continuo trabalhando, agora, no esquema home office. Uma das \u00faltimas entrevistas que fiz foi com o grande Roberto Menescal, nome ic\u00f4nico da bossa nova, que acaba de lan\u00e7ar nas plataformas digitais o \u00e1lbum Faz parte do meu show. \u00c9 um CD que ele gravou com Leila Pinheiro e Rodrigo Santos (ex-Bar\u00e3o Vermelho), em tributo a Cazuza. Recomendo.<\/p>\n","protected":false},"excerpt":{"rendered":"<p>Confesso que nunca me dediquei tanto \u00e0 leitura como agora, quando busco fugir da ociosidade na quarentena determinada pela maldita pandemia de coronav\u00edrus. Tenho ocupado meu tempo voltando a livros que, pela correria do dia, fui enfileirando na estante. Quase todos s\u00e3o publica\u00e7\u00f5es ligadas \u00e0 m\u00fasica, manifesta\u00e7\u00e3o art\u00edstica com a qual tenho profunda liga\u00e7\u00e3o. Alguns cheguei a come\u00e7ar a ler, [&hellip;]<\/p>\n","protected":false},"author":84,"featured_media":1184,"comment_status":"open","ping_status":"open","sticky":false,"template":"","format":"standard","meta":{"footnotes":""},"categories":[1],"tags":[],"class_list":["post-1183","post","type-post","status-publish","format-standard","has-post-thumbnail","hentry","category-sem-categoria"],"_links":{"self":[{"href":"https:\/\/blogs.correiobraziliense.com.br\/trilhasonora\/wp-json\/wp\/v2\/posts\/1183","targetHints":{"allow":["GET"]}}],"collection":[{"href":"https:\/\/blogs.correiobraziliense.com.br\/trilhasonora\/wp-json\/wp\/v2\/posts"}],"about":[{"href":"https:\/\/blogs.correiobraziliense.com.br\/trilhasonora\/wp-json\/wp\/v2\/types\/post"}],"author":[{"embeddable":true,"href":"https:\/\/blogs.correiobraziliense.com.br\/trilhasonora\/wp-json\/wp\/v2\/users\/84"}],"replies":[{"embeddable":true,"href":"https:\/\/blogs.correiobraziliense.com.br\/trilhasonora\/wp-json\/wp\/v2\/comments?post=1183"}],"version-history":[{"count":1,"href":"https:\/\/blogs.correiobraziliense.com.br\/trilhasonora\/wp-json\/wp\/v2\/posts\/1183\/revisions"}],"predecessor-version":[{"id":1185,"href":"https:\/\/blogs.correiobraziliense.com.br\/trilhasonora\/wp-json\/wp\/v2\/posts\/1183\/revisions\/1185"}],"wp:featuredmedia":[{"embeddable":true,"href":"https:\/\/blogs.correiobraziliense.com.br\/trilhasonora\/wp-json\/wp\/v2\/media\/1184"}],"wp:attachment":[{"href":"https:\/\/blogs.correiobraziliense.com.br\/trilhasonora\/wp-json\/wp\/v2\/media?parent=1183"}],"wp:term":[{"taxonomy":"category","embeddable":true,"href":"https:\/\/blogs.correiobraziliense.com.br\/trilhasonora\/wp-json\/wp\/v2\/categories?post=1183"},{"taxonomy":"post_tag","embeddable":true,"href":"https:\/\/blogs.correiobraziliense.com.br\/trilhasonora\/wp-json\/wp\/v2\/tags?post=1183"}],"curies":[{"name":"wp","href":"https:\/\/api.w.org\/{rel}","templated":true}]}}