{"id":1162,"date":"2020-03-13T09:00:10","date_gmt":"2020-03-13T12:00:10","guid":{"rendered":"https:\/\/blogs.correiobraziliense.com.br\/trilhasonora\/?p=1162"},"modified":"2020-03-12T18:20:01","modified_gmt":"2020-03-12T21:20:01","slug":"sons-da-noite-diogo-nogueira-se-apresenta-em-17-de-abril-nos-60-anos-do-iate-clube","status":"publish","type":"post","link":"https:\/\/blogs.correiobraziliense.com.br\/trilhasonora\/sons-da-noite-diogo-nogueira-se-apresenta-em-17-de-abril-nos-60-anos-do-iate-clube\/","title":{"rendered":"Sons da Noite: Diogo Nogueira se apresenta em 17 de abril nos 60 anos do Iate Clube"},"content":{"rendered":"<h3>Confira a coluna Sons da Noite publicada nesta sexta-feira (13\/3) no caderno Divirta-se Mais<\/h3>\n<p><strong>Samba e tradi\u00e7\u00e3o<\/strong><\/p>\n<p>Diogo Nogueira (foto) ser\u00e1 a grande atra\u00e7\u00e3o da festa na qual o Iate comemorar\u00e1 60 anos de exist\u00eancia. O show que o cantor e compositor carioca far\u00e1, em 17 de abril, na sede do tradicional clube brasiliense, ter\u00e1 por base o repert\u00f3rio da apresenta\u00e7\u00e3o de hoje, no Pier Mau\u00e1 (Rio de Janeiro), na entrega do Estandarte de Ouro aos vencedores do carnaval carioca.<\/p>\n<p>Aqui na capital, acompanhado pela banda, que tem entre os integrantes o violonista brasiliense Rafael dos Anjos, Diogo interpretar\u00e1 sambas que marcaram sua trajet\u00f3ria art\u00edstica, entre eles <em>Deixa eu te amar<\/em>, <em>Espelho<\/em>, <em>Meu instinto<\/em>, <em>T\u00f4 fazendo minha parte<\/em> e, claro, <em>Sou eu<\/em>, composto para ele por Chico Buarque e Ivan Lins. N\u00e3o recomendado para menores de 18 anos.<\/p>\n<p><strong>Releitura ac\u00fastica<\/strong><\/p>\n<p>O cantor e m\u00fasico Fernando Anitelli, criador do grupo pop Teatro M\u00e1gico, volta a Bras\u00edlia para show de voz e viol\u00e3o em 25 e 26 de abril, no Teatro dos Banc\u00e1rios (Entrequadra 314\/315 Sul). No repert\u00f3rio, m\u00fasicas que marcaram a trajet\u00f3ria da trupe, registrada em sete CDs autorais e tr\u00eas DVDs. Classifica\u00e7\u00e3o indicativa livre.<\/p>\n<p><strong>Trilha sonora<\/strong><\/p>\n<p><a href=\"https:\/\/www.correiobraziliense.com.br\/app\/noticia\/diversao-e-arte\/2020\/03\/10\/interna_diversao_arte,833303\/ingressos-veja-voce-brasilia-oswaldo-montenegro.shtml\">A nova vers\u00e3o de <em>Veja voc\u00ea Bras\u00edlia<\/em>, idealizada e dirigida por Oswaldo Montenegro, com produ\u00e7\u00e3o do Sesc<\/a>, traz, na trilha sonora, can\u00e7\u00f5es como <em>Eduardo e M\u00f4nica<\/em> (Renato Russo), <em>Lanterna dos afogados<\/em> (Herbert Vianna), <em>Brasileirinho<\/em> (Waldir Azevedo), <em>L\u00e9o e Bia<\/em> (Oswaldo Montenegro), <em>109 Sul<\/em> (Ulysses Machado) e <em>Manemol\u00eancia<\/em> (Raique Macau). O musical estar\u00e1 em cartaz de 9 a 11 de abril no audit\u00f3rio master do Centro de Conven\u00e7\u00f5es Ulysses Guimar\u00e3es. N\u00e3o recomendado para menores de 14 anos.<\/p>\n<p><strong>Blues brasiliense<\/strong><\/p>\n<p>Banda que tem a sonoridade cl\u00e1ssica do blues como mat\u00e9ria-prima, a Conex\u00e3o Chicago ocupa o palco do Espa\u00e7o Cultural do Choro no dia 28, \u00e0s 21h. No trabalho que desenvolvem, Ricardo Serpa (gaita e voz), Rafael Moraes (guitarra e voz), Marcelo Canuto (baixo), KK Brooks (teclados) e Sady Carmo (bateria) tem como refer\u00eancia \u00edcones bluseiros como Buddy Guy, Junior Wells, Little Walter e Muddy Waters. N\u00e3o recomendado para menores de 13 anos.<\/p>\n<p><strong>Buena Vista<\/strong><\/p>\n<p><em>Candela \u2014 Tributo ao Buena Vista Social Club<\/em> \u00e9 o show que a banda Sabor de Cuba far\u00e1 no dia 20, na Cervejaria Criolina (Setor de Oficinas Sul). Haver\u00e1 a participa\u00e7\u00e3o dos Djs Pablo Peligro e Tumba\u2019o e de bailarinos do grupo Coraz\u00f3n Salsero. N\u00e3o recomendado para menores de 18 anos.<\/p>\n<p><strong>Celebra\u00e7\u00e3o dan\u00e7ante<\/strong><\/p>\n<figure id=\"attachment_1164\" aria-describedby=\"caption-attachment-1164\" style=\"width: 800px\" class=\"wp-caption aligncenter\"><img loading=\"lazy\" decoding=\"async\" class=\"size-full wp-image-1164\" src=\"https:\/\/blogs.correiobraziliense.com.br\/trilhasonora\/wp-content\/uploads\/sites\/39\/2020\/03\/CBNFOT100320200209.jpg\" alt=\"\" width=\"800\" height=\"533\" srcset=\"https:\/\/blogs.correiobraziliense.com.br\/trilhasonora\/wp-content\/uploads\/sites\/39\/2020\/03\/CBNFOT100320200209.jpg 800w, https:\/\/blogs.correiobraziliense.com.br\/trilhasonora\/wp-content\/uploads\/sites\/39\/2020\/03\/CBNFOT100320200209-300x200.jpg 300w, https:\/\/blogs.correiobraziliense.com.br\/trilhasonora\/wp-content\/uploads\/sites\/39\/2020\/03\/CBNFOT100320200209-768x512.jpg 768w, https:\/\/blogs.correiobraziliense.com.br\/trilhasonora\/wp-content\/uploads\/sites\/39\/2020\/03\/CBNFOT100320200209-550x366.jpg 550w, https:\/\/blogs.correiobraziliense.com.br\/trilhasonora\/wp-content\/uploads\/sites\/39\/2020\/03\/CBNFOT100320200209-230x153.jpg 230w\" sizes=\"auto, (max-width: 800px) 100vw, 800px\" \/><figcaption id=\"caption-attachment-1164\" class=\"wp-caption-text\">2020. Cr\u00e9dito: Henrique Fran\u00e7ois\/Divulga\u00e7\u00e3o. Cultura. BSB Disco Club.<\/figcaption><\/figure>\n<p>Banda legend\u00e1ria, que marcou \u00e9poca no circuito noturno brasiliense, a BSB Disco Club (foto) celebra 25 anos com uma temporada no Bar Brahma (201 Sul), \u00e0s segundas-feiras, das 19h \u00e0s 22h. No show, intitulado Ensaios ao Vivo, Andr\u00e9 Benedetti (baixo), Gustavo Vasconcellos (bateria), Beto P\u00e9res (guitarra), Pedro Herm\u00ednio (teclados), Joe Torquato e Saphira (vocais) revisitam cl\u00e1ssicos do ABBA, Chic, Jackson 5, Kool and Gang, The Sunshine Band e Village People. Haver\u00e1 a participa\u00e7\u00e3o do Dj Jamaika. N\u00e3o recomendado para menores de 18 anos.<\/p>\n","protected":false},"excerpt":{"rendered":"<p>Confira a coluna Sons da Noite publicada nesta sexta-feira (13\/3) no caderno Divirta-se Mais Samba e tradi\u00e7\u00e3o Diogo Nogueira (foto) ser\u00e1 a grande atra\u00e7\u00e3o da festa na qual o Iate comemorar\u00e1 60 anos de exist\u00eancia. O show que o cantor e compositor carioca far\u00e1, em 17 de abril, na sede do tradicional clube brasiliense, ter\u00e1 por base o repert\u00f3rio da [&hellip;]<\/p>\n","protected":false},"author":84,"featured_media":1163,"comment_status":"open","ping_status":"open","sticky":false,"template":"","format":"standard","meta":{"footnotes":""},"categories":[1],"tags":[],"class_list":["post-1162","post","type-post","status-publish","format-standard","has-post-thumbnail","hentry","category-sem-categoria"],"_links":{"self":[{"href":"https:\/\/blogs.correiobraziliense.com.br\/trilhasonora\/wp-json\/wp\/v2\/posts\/1162","targetHints":{"allow":["GET"]}}],"collection":[{"href":"https:\/\/blogs.correiobraziliense.com.br\/trilhasonora\/wp-json\/wp\/v2\/posts"}],"about":[{"href":"https:\/\/blogs.correiobraziliense.com.br\/trilhasonora\/wp-json\/wp\/v2\/types\/post"}],"author":[{"embeddable":true,"href":"https:\/\/blogs.correiobraziliense.com.br\/trilhasonora\/wp-json\/wp\/v2\/users\/84"}],"replies":[{"embeddable":true,"href":"https:\/\/blogs.correiobraziliense.com.br\/trilhasonora\/wp-json\/wp\/v2\/comments?post=1162"}],"version-history":[{"count":1,"href":"https:\/\/blogs.correiobraziliense.com.br\/trilhasonora\/wp-json\/wp\/v2\/posts\/1162\/revisions"}],"predecessor-version":[{"id":1165,"href":"https:\/\/blogs.correiobraziliense.com.br\/trilhasonora\/wp-json\/wp\/v2\/posts\/1162\/revisions\/1165"}],"wp:featuredmedia":[{"embeddable":true,"href":"https:\/\/blogs.correiobraziliense.com.br\/trilhasonora\/wp-json\/wp\/v2\/media\/1163"}],"wp:attachment":[{"href":"https:\/\/blogs.correiobraziliense.com.br\/trilhasonora\/wp-json\/wp\/v2\/media?parent=1162"}],"wp:term":[{"taxonomy":"category","embeddable":true,"href":"https:\/\/blogs.correiobraziliense.com.br\/trilhasonora\/wp-json\/wp\/v2\/categories?post=1162"},{"taxonomy":"post_tag","embeddable":true,"href":"https:\/\/blogs.correiobraziliense.com.br\/trilhasonora\/wp-json\/wp\/v2\/tags?post=1162"}],"curies":[{"name":"wp","href":"https:\/\/api.w.org\/{rel}","templated":true}]}}