{"id":1144,"date":"2020-02-28T08:00:03","date_gmt":"2020-02-28T11:00:03","guid":{"rendered":"https:\/\/blogs.correiobraziliense.com.br\/trilhasonora\/?p=1144"},"modified":"2020-02-27T16:15:23","modified_gmt":"2020-02-27T19:15:23","slug":"sons-da-noite-70-anos-do-compositor-e-violonista-guinga-sera-celebrado-no-ccbb","status":"publish","type":"post","link":"https:\/\/blogs.correiobraziliense.com.br\/trilhasonora\/sons-da-noite-70-anos-do-compositor-e-violonista-guinga-sera-celebrado-no-ccbb\/","title":{"rendered":"Sons da Noite: 70 anos do compositor e violonista Guinga ser\u00e1 celebrado no CCBB"},"content":{"rendered":"<h3>Confira a coluna Sons da Noite publicada nesta sexta-feira (28\/2) no Divirta-se Mais<\/h3>\n<p><strong>Guinga, 70 anos<\/strong><\/p>\n<p>Um dos expoentes da m\u00fasica popular brasileira, o compositor e violonista Guinga ser\u00e1 homenageado de 26 a 29 de mar\u00e7o no Centro Cultural Banco do Brasil de Bras\u00edlia (Setor de Clubes Sul), na passagem dos 70 anos.<\/p>\n<p><em>Guinga e as vozes femininas<\/em> \u00e9 o nome do projeto que celebra a obra do artistas carioca, tendo como convidadas M\u00f4nica Salmaso, Leila Pinheiro, Gioia Persichetti e Anna Paes. A cada noite, uma delas se apresenta. Haver\u00e1, ainda, a participa\u00e7\u00e3o dos violonistas Thiago Amud e Jean Charnaux.<\/p>\n<p><strong>Eu recomendo<\/strong><\/p>\n<p>O Clube do Choro passa a promover a partir da pr\u00f3xima ter\u00e7a-feira, \u00e0s 19h30, happy hour com roda de choro. O regional vai ser comandado pelo violonista Fernando Cesar, sempre com a participa\u00e7\u00e3o de convidados. N\u00e3o recomendado para menores de 14 anos.<\/p>\n<p><strong>Cl\u00e1ssico polivalente<\/strong><\/p>\n<p><em>Eduardo e M\u00f4nica<\/em>, t\u00edtulo de cl\u00e1ssico da obra de Renato Russo, mostra-se polivalente. D\u00e1 nome a um dos blocos de maior destaque do carnaval brasiliense, e ao filme de Ren\u00ea Sampaio, com estreia prevista para junho. Est\u00e1 ainda na trilha sonora da nova montagem do musical <em>Veja voc\u00ea Bras\u00edlia<\/em>, dirigido por Oswaldo Montenegro, que fica em cartaz no Centro de Conven\u00e7\u00f5es Ulysses Guimar\u00e3es, de 9 a 11 de abril. Classifica\u00e7\u00e3o indicativa livre.<\/p>\n<p><strong>Em celebra\u00e7\u00e3o<\/strong><\/p>\n<p>A cantora Ti\u00ea faz show no Pier 21 (Avenida das Na\u00e7\u00f5es), dia 21 pr\u00f3ximo. O repert\u00f3rio re\u00fane releitura de sucessos e can\u00e7\u00f5es in\u00e9ditas, registradas no DVD lan\u00e7ado em 2019, em comemora\u00e7\u00e3o aos 10 anos de carreira. A entrada \u00e9 franca. Classifica\u00e7\u00e3o indicativa livre.<\/p>\n<p><strong>Eterna Tabajara<\/strong><\/p>\n<p>A Orquestra Tabajara fez tanto sucesso ao se apresentar no Iate, em agosto \u00faltimo, que retorna para novo baile ali pelo projeto<em> Venha Dan\u00e7ar<\/em>, em 21 de mar\u00e7o. Os ingressos est\u00e3o \u00e0 venda na sede do clube. N\u00e3o recomendado para menores de 18 anos.<\/p>\n<p><strong>Para forrozear<\/strong><\/p>\n<p>A banda Balalaica \u00e9 a atra\u00e7\u00e3o do Forr\u00f3 Ispilicute que nesta sexta-feira (28\/2), \u00e0s 20h30, retoma a programa\u00e7\u00e3o, depois do carnaval, no Cota Mil (Setor de Clubes Sul), tendo no comando das picapes o DJ L\u00eau. Outro destaque \u00e9 o projeto Salsamigos, com muita bachata, reggaeton, kizomba, zouk e, claro, salsa, com o DJ Dragon. N\u00e3o recomendado para menores de 18 anos.<\/p>\n<p><strong>Pop rock californiano<\/strong><\/p>\n<figure id=\"attachment_1145\" aria-describedby=\"caption-attachment-1145\" style=\"width: 800px\" class=\"wp-caption aligncenter\"><img loading=\"lazy\" decoding=\"async\" class=\"size-full wp-image-1145\" src=\"https:\/\/blogs.correiobraziliense.com.br\/trilhasonora\/wp-content\/uploads\/sites\/39\/2020\/02\/CBIFOT170920170655.jpg\" alt=\"\" width=\"800\" height=\"533\" srcset=\"https:\/\/blogs.correiobraziliense.com.br\/trilhasonora\/wp-content\/uploads\/sites\/39\/2020\/02\/CBIFOT170920170655.jpg 800w, https:\/\/blogs.correiobraziliense.com.br\/trilhasonora\/wp-content\/uploads\/sites\/39\/2020\/02\/CBIFOT170920170655-300x200.jpg 300w, https:\/\/blogs.correiobraziliense.com.br\/trilhasonora\/wp-content\/uploads\/sites\/39\/2020\/02\/CBIFOT170920170655-768x512.jpg 768w, https:\/\/blogs.correiobraziliense.com.br\/trilhasonora\/wp-content\/uploads\/sites\/39\/2020\/02\/CBIFOT170920170655-550x366.jpg 550w, https:\/\/blogs.correiobraziliense.com.br\/trilhasonora\/wp-content\/uploads\/sites\/39\/2020\/02\/CBIFOT170920170655-230x153.jpg 230w\" sizes=\"auto, (max-width: 800px) 100vw, 800px\" \/><figcaption id=\"caption-attachment-1145\" class=\"wp-caption-text\">Cr\u00e9dito: AFP \/ Mauro PIMENTEL<\/figcaption><\/figure>\n<p>Banda de pop rock norte-americana, com v\u00e1rias passagens por palcos brasileiros, inclusive o do Rock in Rio, a Maroon 5 est\u00e1 de volta ao Brasil para nova turn\u00ea, que a traz pela primeira vez a Bras\u00edlia para apresenta\u00e7\u00e3o na ter\u00e7a-feira pr\u00f3xima, \u00e0s 22h, no Est\u00e1dio Nacional Man\u00e9 Garrincha.<\/p>\n<p>No show, o grupo californiano liderado pelo vocalista Adam Levine (foto), vai revisitar hits de sua obra, registrados nos \u00e1lbuns<em> Songs about Jane<\/em>, <em>It won\u2019t be soon before long<\/em>, <em>Hands all over<\/em>, <em>Overexposed<\/em> e <em>Red pill blues<\/em>. Em shows no Brasil, o Maroon 5 costuma incluir no set list o cl\u00e1ssico da Bossa Nova <em>Garota de Ipanema<\/em>, de Tom Jobim e Vinicius de Moraes. N\u00e3o recomendado para menores de 16 anos.<\/p>\n","protected":false},"excerpt":{"rendered":"<p>Confira a coluna Sons da Noite publicada nesta sexta-feira (28\/2) no Divirta-se Mais<\/p>\n","protected":false},"author":84,"featured_media":1147,"comment_status":"open","ping_status":"open","sticky":false,"template":"","format":"standard","meta":{"footnotes":""},"categories":[1],"tags":[],"class_list":["post-1144","post","type-post","status-publish","format-standard","has-post-thumbnail","hentry","category-sem-categoria"],"_links":{"self":[{"href":"https:\/\/blogs.correiobraziliense.com.br\/trilhasonora\/wp-json\/wp\/v2\/posts\/1144","targetHints":{"allow":["GET"]}}],"collection":[{"href":"https:\/\/blogs.correiobraziliense.com.br\/trilhasonora\/wp-json\/wp\/v2\/posts"}],"about":[{"href":"https:\/\/blogs.correiobraziliense.com.br\/trilhasonora\/wp-json\/wp\/v2\/types\/post"}],"author":[{"embeddable":true,"href":"https:\/\/blogs.correiobraziliense.com.br\/trilhasonora\/wp-json\/wp\/v2\/users\/84"}],"replies":[{"embeddable":true,"href":"https:\/\/blogs.correiobraziliense.com.br\/trilhasonora\/wp-json\/wp\/v2\/comments?post=1144"}],"version-history":[{"count":1,"href":"https:\/\/blogs.correiobraziliense.com.br\/trilhasonora\/wp-json\/wp\/v2\/posts\/1144\/revisions"}],"predecessor-version":[{"id":1146,"href":"https:\/\/blogs.correiobraziliense.com.br\/trilhasonora\/wp-json\/wp\/v2\/posts\/1144\/revisions\/1146"}],"wp:featuredmedia":[{"embeddable":true,"href":"https:\/\/blogs.correiobraziliense.com.br\/trilhasonora\/wp-json\/wp\/v2\/media\/1147"}],"wp:attachment":[{"href":"https:\/\/blogs.correiobraziliense.com.br\/trilhasonora\/wp-json\/wp\/v2\/media?parent=1144"}],"wp:term":[{"taxonomy":"category","embeddable":true,"href":"https:\/\/blogs.correiobraziliense.com.br\/trilhasonora\/wp-json\/wp\/v2\/categories?post=1144"},{"taxonomy":"post_tag","embeddable":true,"href":"https:\/\/blogs.correiobraziliense.com.br\/trilhasonora\/wp-json\/wp\/v2\/tags?post=1144"}],"curies":[{"name":"wp","href":"https:\/\/api.w.org\/{rel}","templated":true}]}}