{"id":1095,"date":"2020-01-17T08:00:24","date_gmt":"2020-01-17T11:00:24","guid":{"rendered":"https:\/\/blogs.correiobraziliense.com.br\/trilhasonora\/?p=1095"},"modified":"2020-01-16T18:05:00","modified_gmt":"2020-01-16T21:05:00","slug":"sons-da-noite-bloco-virgens-da-asa-norte-sai-as-ruas-em-1o-de-fevereiro","status":"publish","type":"post","link":"https:\/\/blogs.correiobraziliense.com.br\/trilhasonora\/sons-da-noite-bloco-virgens-da-asa-norte-sai-as-ruas-em-1o-de-fevereiro\/","title":{"rendered":"Sons da Noite: Bloco Virgens da Asa Norte sai \u00e0s ruas em 1\u00ba de fevereiro"},"content":{"rendered":"<h3>Confira a coluna Sons da Noite publicada nesta sexta-feira (17\/1) no Divirta-se Mais<\/h3>\n<p><strong>Folia diversificada<\/strong><br \/>\nBloco multiart\u00edstico, o Virgens da Asa Norte iniciar\u00e1 a comemora\u00e7\u00e3o dos 10 anos de exist\u00eancia, em\u00a0 1\u00ba de fevereiro, entre 14 e 21h, com desfile pr\u00e9-carnavalesco, na orla da Ponte JK, acompanhado<br \/>\npela Orquestra de frevo Marafreboi e o grupo percussivo Patubat\u00ea.<\/p>\n<p>A convidada especial da folia ser\u00e1 a veterana cantora paraense Dona Onete (foto), rainha do\u00a0 carimb\u00f3. Ela far\u00e1 um show com base no \u00e1lbum Rebujo, cujas m\u00fasicas est\u00e3o entre as mais tocadas na<br \/>\ncena da world music da Europa. Classifica\u00e7\u00e3o indicativa livre.<\/p>\n<p><strong>Eu recomendo<\/strong><br \/>\nMaria Rita voltar\u00e1 \u00e0 cidade em 1\u00ba de fevereiro com o show <em>Samba de Maria<\/em>, que ser\u00e1 apresentado no\u00a0Minas Bras\u00edlia T\u00eanis Clube. Quem tocar\u00e1 na abertura \u00e9 o grupo 7 na Roda. Os ingressos est\u00e3o \u00e0 venda\u00a0na loja Eventim, no segundo subsolo do Bras\u00edlia Shopping. N\u00e3o recomendado para menores de 16 anos.<\/p>\n<p><strong>Em tributo<\/strong><br \/>\nNa temporada de 2020, a Orquestra Sinf\u00f4nica do Teatro Nacional Cl\u00e1udio Santoro prestar\u00e1 tributo a\u00a0 Ludwig Van Beethoven, na passagem dos 250 anos do compositor alem\u00e3o. O programa do concerto de\u00a0abertura, em 4 de fevereiro, no Cine Bras\u00edlia, trar\u00e1 as 1\u00aa e 2\u00aa Sinfonia. Classifica\u00e7\u00e3o indicativa\u00a0livre.<\/p>\n<p><strong>Em celebra\u00e7\u00e3o<\/strong><br \/>\nOs 70 anos do trio el\u00e9trico (cria\u00e7\u00e3o de Dod\u00f4 e Osmar) ser\u00e3o comemorados em 8 de fevereiro, na \u00e1rea do Museu da Rep\u00fablica, com pr\u00e9-carnavalesco comandado pela banda \u00caa\u00eaa\u00f4\u00f4 Ax\u00e9 90 (formada por m\u00fasicos\u00a0 das bandas M\u00f3veis Coloniais de Acaju, Muntchako, Consuelo e Passo Largo) e participa\u00e7\u00e3o dos DJs\u00a0 Andie, Bisca, Porn e Carib\u00e9. Haver\u00e1 desfile do bloco Quem Chupou Vai Chupar Mais. Classifica\u00e7\u00e3o\u00a0 indicativa livre.<\/p>\n<p><strong>Funk paulistano<\/strong><br \/>\nO projeto Favela Sounds trar\u00e1 a Bras\u00edlia no dia 31 pr\u00f3ximo a funkeira paulistana MC Tha, sucesso no\u00a0 segmento LGBTQIA+, para show na Birosca (Conic). Os Djs Tyrone, e Pati Egyto, do bloco Essa\u00a0 Boquinha Eu J\u00e1 Beijei se revezar\u00e3o no comando das picapes. N\u00e3o recomendado para menores de 18 anos.<\/p>\n<p><strong>Para dan\u00e7ar<\/strong><br \/>\nDepois do sucesso registrado com a Orquestra Tabajara, o projeto<em> Venha Dan\u00e7ar<\/em> traz \u00e0 capital outro\u00a0tradicional conjunto carioca, a Orquestra Bianchini, com apresenta\u00e7\u00f5es em quase todo o pa\u00eds e<br \/>\ntamb\u00e9m na Argentina, Espanha e no Marrocos. No dia 25 pr\u00f3ximo, o grupo \u00e9 atra\u00e7\u00e3o em baile no Iate\u00a0 Clube de Bras\u00edlia. N\u00e3o recomendado para menores de 18 anos.<\/p>\n<p><strong>Baile da Piki<\/strong><br \/>\nO famoso Baile da Vogue \u00e9 tema do Maravilhosa, videoclipe que o multi-artista brasiliense Piettro\u00a0lan\u00e7ar\u00e1 nesta sexta-feira (17\/1), \u00e0s 23h, com show, em meio ao Baile da Piki, na Victoria Haus (SAAN, Quadra 1, lote 930). Haver\u00e1 a participa\u00e7\u00e3o de Pikineia e <a href=\"https:\/\/www.correiobraziliense.com.br\/app\/noticia\/diversao-e-arte\/2020\/01\/16\/interna_diversao_arte,820842\/tati-zaqui-na-victoria-haus.shtml\">Tati Zaqui<\/a>. N\u00e3o recomendado para menores de 18 anos.<\/p>\n<p><strong>Encontro musical<\/strong><\/p>\n<figure id=\"attachment_1096\" aria-describedby=\"caption-attachment-1096\" style=\"width: 800px\" class=\"wp-caption aligncenter\"><img loading=\"lazy\" decoding=\"async\" class=\"size-full wp-image-1096\" src=\"https:\/\/blogs.correiobraziliense.com.br\/trilhasonora\/wp-content\/uploads\/sites\/39\/2020\/01\/CBNFOT130120200574.jpg\" alt=\"\" width=\"800\" height=\"445\" srcset=\"https:\/\/blogs.correiobraziliense.com.br\/trilhasonora\/wp-content\/uploads\/sites\/39\/2020\/01\/CBNFOT130120200574.jpg 800w, https:\/\/blogs.correiobraziliense.com.br\/trilhasonora\/wp-content\/uploads\/sites\/39\/2020\/01\/CBNFOT130120200574-300x167.jpg 300w, https:\/\/blogs.correiobraziliense.com.br\/trilhasonora\/wp-content\/uploads\/sites\/39\/2020\/01\/CBNFOT130120200574-768x427.jpg 768w, https:\/\/blogs.correiobraziliense.com.br\/trilhasonora\/wp-content\/uploads\/sites\/39\/2020\/01\/CBNFOT130120200574-550x306.jpg 550w, https:\/\/blogs.correiobraziliense.com.br\/trilhasonora\/wp-content\/uploads\/sites\/39\/2020\/01\/CBNFOT130120200574-230x128.jpg 230w\" sizes=\"auto, (max-width: 800px) 100vw, 800px\" \/><figcaption id=\"caption-attachment-1096\" class=\"wp-caption-text\">Cr\u00e9dito: Arquivo Pessoal. Paulo Novaes<\/figcaption><\/figure>\n<p>O cantor, compositor e instrumentista paulista Paulo Novaes (foto), autor do sucesso <em>Perdoa<\/em>,\u00a0 gravada por Anavit\u00f3ria, faz show no dia 24 deste m\u00eas pelo projeto Pier Musical (Pier 21\/Avenida das<br \/>\nNa\u00e7\u00f5es). Antes, sobe ao palco o duo brasiliense Tiju, formado por Pedro e Vitor Barbosa. A entrada\u00a0 \u00e9 franca. Classifica\u00e7\u00e3o indicativa livre.<\/p>\n","protected":false},"excerpt":{"rendered":"<p>Confira a coluna Sons da Noite publicada nesta sexta-feira (17\/1) no Divirta-se Mais<\/p>\n","protected":false},"author":84,"featured_media":1097,"comment_status":"open","ping_status":"open","sticky":false,"template":"","format":"standard","meta":{"footnotes":""},"categories":[27],"tags":[],"class_list":["post-1095","post","type-post","status-publish","format-standard","has-post-thumbnail","hentry","category-coluna-sons-da-noite"],"_links":{"self":[{"href":"https:\/\/blogs.correiobraziliense.com.br\/trilhasonora\/wp-json\/wp\/v2\/posts\/1095","targetHints":{"allow":["GET"]}}],"collection":[{"href":"https:\/\/blogs.correiobraziliense.com.br\/trilhasonora\/wp-json\/wp\/v2\/posts"}],"about":[{"href":"https:\/\/blogs.correiobraziliense.com.br\/trilhasonora\/wp-json\/wp\/v2\/types\/post"}],"author":[{"embeddable":true,"href":"https:\/\/blogs.correiobraziliense.com.br\/trilhasonora\/wp-json\/wp\/v2\/users\/84"}],"replies":[{"embeddable":true,"href":"https:\/\/blogs.correiobraziliense.com.br\/trilhasonora\/wp-json\/wp\/v2\/comments?post=1095"}],"version-history":[{"count":1,"href":"https:\/\/blogs.correiobraziliense.com.br\/trilhasonora\/wp-json\/wp\/v2\/posts\/1095\/revisions"}],"predecessor-version":[{"id":1098,"href":"https:\/\/blogs.correiobraziliense.com.br\/trilhasonora\/wp-json\/wp\/v2\/posts\/1095\/revisions\/1098"}],"wp:featuredmedia":[{"embeddable":true,"href":"https:\/\/blogs.correiobraziliense.com.br\/trilhasonora\/wp-json\/wp\/v2\/media\/1097"}],"wp:attachment":[{"href":"https:\/\/blogs.correiobraziliense.com.br\/trilhasonora\/wp-json\/wp\/v2\/media?parent=1095"}],"wp:term":[{"taxonomy":"category","embeddable":true,"href":"https:\/\/blogs.correiobraziliense.com.br\/trilhasonora\/wp-json\/wp\/v2\/categories?post=1095"},{"taxonomy":"post_tag","embeddable":true,"href":"https:\/\/blogs.correiobraziliense.com.br\/trilhasonora\/wp-json\/wp\/v2\/tags?post=1095"}],"curies":[{"name":"wp","href":"https:\/\/api.w.org\/{rel}","templated":true}]}}